{"id":111,"date":"2011-01-04T15:43:43","date_gmt":"2011-01-04T22:43:43","guid":{"rendered":"http:\/\/tolgasismanoglu.com\/blog\/?p=111"},"modified":"2013-11-13T13:23:49","modified_gmt":"2013-11-13T20:23:49","slug":"2011-yazi-gelecek","status":"publish","type":"post","link":"https:\/\/www.tolgasismanoglu.com\/blog\/2011-yazi-gelecek\/","title":{"rendered":"2011 &#8211; Her\u015fey \u00c7ok G\u00fczel Olacak!"},"content":{"rendered":"<p><img loading=\"lazy\" decoding=\"async\" class=\"alignleft\" title=\"2011\" src=\"http:\/\/farm6.static.flickr.com\/5130\/5339365343_8d2fbb7c08.jpg\" alt=\"\" width=\"292\" height=\"194\" \/>2010 geride kald\u0131. Mutluluklar\u0131, sevin\u00e7leri, h\u00fczn\u00fc ve di\u011fer t\u00fcm ya\u015fananlar\u0131yla. 2010 benim i\u00e7in yeni ba\u015flang\u0131\u00e7lar\u0131n oldu\u011fu ve 2011 i\u00e7in \u00fcmit veren bir s\u00fcre\u00e7ti&#8230; Bu s\u00fcre\u00e7 i\u00e7erisinde 9 y\u0131ld\u0131r g\u00f6rev yapt\u0131\u011f\u0131m H\u00fcrriyet-Do\u011fan Dergi Grubu&#8217;dan ayr\u0131larak (2009 ikinci yar\u0131), 1 Ocak 2010 tarihi ile \u00c7ukurova &#8211; T\u00fcrkmedya(Ak\u015fam) grubunda i\u015fe ba\u015flad\u0131m&#8230;<\/p>\n<p><!--more-->***<\/p>\n<p>11 Eyl\u00fcl 2010 tarihinde ni\u015fanland\u0131\u011f\u0131mda ise, 2011&#8217;in yaz aylar\u0131nda (k\u0131smetse) y\u00fcz\u00fc\u011f\u00fcn sol tarafa ge\u00e7ece\u011finin ilk sinyali verilmi\u015f oldu&#8230; \ud83d\ude42<\/p>\n<p>Bakal\u0131m bu y\u0131l bizlere neler getirecek&#8230; Her\u015feyden \u00f6nemlisi sa\u011fl\u0131k tabiyki.. O sebepten yeni y\u0131l\u0131n hepimize sa\u011fl\u0131k, mutluluk, huzur, bol kazan\u00e7 getirmesini diliyorum&#8230;<\/p>\n<link rel=\"publisher\" href=\"https:\/\/plus.google.com\/115418739925694469214\"\/>\n","protected":false},"excerpt":{"rendered":"<p>2010 geride kald\u0131. Mutluluklar\u0131, sevin\u00e7leri, h\u00fczn\u00fc ve di\u011fer t\u00fcm ya\u015fananlar\u0131yla. 2010 benim i\u00e7in yeni ba\u015flang\u0131\u00e7lar\u0131n oldu\u011fu ve 2011 i\u00e7in \u00fcmit veren bir s\u00fcre\u00e7ti&#8230; Bu s\u00fcre\u00e7 i\u00e7erisinde 9 y\u0131ld\u0131r g\u00f6rev yapt\u0131\u011f\u0131m H\u00fcrriyet-Do\u011fan Dergi Grubu&#8217;dan ayr\u0131larak (2009 ikinci yar\u0131), 1 Ocak 2010 tarihi ile \u00c7ukurova &#8211; T\u00fcrkmedya(Ak\u015fam) grubunda i\u015fe ba\u015flad\u0131m&#8230;<\/p>\n","protected":false},"author":1,"featured_media":212,"comment_status":"open","ping_status":"open","sticky":false,"template":"","format":"standard","meta":{"om_disable_all_campaigns":false,"_monsterinsights_skip_tracking":false,"_monsterinsights_sitenote_active":false,"_monsterinsights_sitenote_note":"","_monsterinsights_sitenote_category":0,"two_page_speed":[],"footnotes":""},"categories":[1],"tags":[34,35],"class_list":["post-111","post","type-post","status-publish","format-standard","has-post-thumbnail","hentry","category-genel","tag-34","tag-yeni-yil"],"aioseo_notices":[],"_links":{"self":[{"href":"https:\/\/www.tolgasismanoglu.com\/blog\/wp-json\/wp\/v2\/posts\/111","targetHints":{"allow":["GET"]}}],"collection":[{"href":"https:\/\/www.tolgasismanoglu.com\/blog\/wp-json\/wp\/v2\/posts"}],"about":[{"href":"https:\/\/www.tolgasismanoglu.com\/blog\/wp-json\/wp\/v2\/types\/post"}],"author":[{"embeddable":true,"href":"https:\/\/www.tolgasismanoglu.com\/blog\/wp-json\/wp\/v2\/users\/1"}],"replies":[{"embeddable":true,"href":"https:\/\/www.tolgasismanoglu.com\/blog\/wp-json\/wp\/v2\/comments?post=111"}],"version-history":[{"count":9,"href":"https:\/\/www.tolgasismanoglu.com\/blog\/wp-json\/wp\/v2\/posts\/111\/revisions"}],"predecessor-version":[{"id":2706,"href":"https:\/\/www.tolgasismanoglu.com\/blog\/wp-json\/wp\/v2\/posts\/111\/revisions\/2706"}],"wp:featuredmedia":[{"embeddable":true,"href":"https:\/\/www.tolgasismanoglu.com\/blog\/wp-json\/wp\/v2\/media\/212"}],"wp:attachment":[{"href":"https:\/\/www.tolgasismanoglu.com\/blog\/wp-json\/wp\/v2\/media?parent=111"}],"wp:term":[{"taxonomy":"category","embeddable":true,"href":"https:\/\/www.tolgasismanoglu.com\/blog\/wp-json\/wp\/v2\/categories?post=111"},{"taxonomy":"post_tag","embeddable":true,"href":"https:\/\/www.tolgasismanoglu.com\/blog\/wp-json\/wp\/v2\/tags?post=111"}],"curies":[{"name":"wp","href":"https:\/\/api.w.org\/{rel}","templated":true}]}}