{"id":120,"date":"2011-01-09T13:19:59","date_gmt":"2011-01-09T20:19:59","guid":{"rendered":"http:\/\/tolgasismanoglu.com\/blog\/?p=120"},"modified":"2013-11-13T13:23:32","modified_gmt":"2013-11-13T20:23:32","slug":"renault-fabrika-bursa-gezisi-ve-meganeomani-finali","status":"publish","type":"post","link":"https:\/\/www.tolgasismanoglu.com\/blog\/renault-fabrika-bursa-gezisi-ve-meganeomani-finali\/","title":{"rendered":"Renault Fabrika (Bursa) Gezisi ve Meganeomani Finali"},"content":{"rendered":"<p><strong><img loading=\"lazy\" decoding=\"async\" class=\"alignleft\" title=\"Renault T\u00fcrkiye (Bursa) Fabrika\" src=\"http:\/\/farm6.static.flickr.com\/5282\/5340647800_510e61fffe.jpg\" alt=\"\" width=\"298\" height=\"208\" \/>&#8220;Dakikada 1 Araba&#8221;<\/strong><\/p>\n<p>D\u00fcn (8 Ocak Cumartesi) Renault T\u00fcrkiye&#8217;nin Bursa Fabrikas\u0131n\u0131 gezdik. Bloggerlar olarak bizleri \u00e7ok g\u00fczel kar\u015f\u0131lad\u0131lar ve keyifli bir g\u00fcn ya\u015fad\u0131m. Benim i\u00e7in \u00e7ok g\u00fczel bir deneyim oldu&#8230;\u00a0 Ertan Etike Bey (Renault &#8211; \u0130leti\u015fim Direkt\u00f6r\u00fc) t\u00fcm g\u00fcn boyunca fabrikada bizlere ilgilendi. Kendisine \u00e7ok te\u015fekk\u00fcr ederim. Saniyelerin bile \u00e7ok \u00f6nemli oldu\u011fu bu \u00fcretim s\u00fcrecinde bir araban\u0131n ilk ba\u015f\u0131ndan sonuna kadar olan s\u00fcrecindeki t\u00fcm prosesi ya\u015fam\u0131\u015f oldum. \u00c7ok g\u00fczel bir deneyimdi.<\/p>\n<p><!--more-->***<\/p>\n<p>Renault, Oyak-Renault ve Renault-Mais olarak 2 ayr\u0131 grup olarak faaliyetlerini s\u00fcrd\u00fcyor.\u00a0 Hissesi az olan\u0131n ismi \u00f6ne yaz\u0131l\u0131yor. Oyak-Renault, Renault firmas\u0131n\u0131n Bat\u0131 Avrupa d\u0131\u015f\u0131ndaki en b\u00fcy\u00fck i\u015ftiraki. Bursa\u2019daki kaporta-montaj ve mekanik \u015fasi fabrikalar\u0131nda y\u0131ll\u0131k 360 bin otomobil ve 450 bin motor \u00fcretim kapasitesi ile \u00fcretim yapan firma \u00fcr\u00fcn gam\u0131n\u0131 her y\u0131l yeniliyor. 258 bin 389 metrekaresi kapal\u0131, 9 bin 576 metrekaresi ye\u015fil alan olmak \u00fczere 510 bin 575 metrekare \u00fczerinde kurulu olan Bursa \u00fcretim tesislerinde, kaporta-montaj ve mekanik \u015fasi fabrikalar\u0131 bulunuyor.<\/p>\n<p><img loading=\"lazy\" decoding=\"async\" class=\"aligncenter\" title=\"Renault Bursa Fabrika gezisi\" src=\"http:\/\/farm6.static.flickr.com\/5289\/5340000763_3481414078.jpg\" alt=\"\" width=\"425\" height=\"245\" \/><\/p>\n<p><img loading=\"lazy\" decoding=\"async\" class=\"aligncenter\" title=\"Renault 12 - ilk renault\" src=\"http:\/\/farm6.static.flickr.com\/5282\/5339987093_3e26fa251e.jpg\" alt=\"\" width=\"425\" height=\"319\" \/><\/p>\n<p><img loading=\"lazy\" decoding=\"async\" class=\"aligncenter\" title=\"Vitesler :)\" src=\"http:\/\/farm6.static.flickr.com\/5045\/5339993569_3cef5c316a.jpg\" alt=\"\" width=\"425\" height=\"327\" \/><\/p>\n<p>Oyak-Renault bu a\u00e7\u0131dan imalat s\u00fcrecinde; pres, kaporta, boya, montaj ve mekanik olarak tam anlam\u0131yla bir b\u00fct\u00fcnl\u00fc\u011fe sahip. Renault-Mais ise T\u00fcrkiye\u2019de binek otomobil, hafif ticari ara\u00e7 ve yedek par\u00e7a sat\u0131\u015f\u0131 ile sat\u0131\u015f sonras\u0131 hizmetlerini y\u00fcr\u00fctmekte.<\/p>\n<p>Fabrikay\u0131 gezmeden \u00f6nce duydu\u011fum ve inanmas\u0131 zor gelen bir ger\u00e7e\u011fi de payla\u015fmak isitiyorum. Renault T\u00fcrkiye olarak t\u00fcm otomotivler (Megane, Clio vs..) tek bir bantdan d\u00fc\u015f\u00fcyor (\u00e7\u0131kmakta) ve 1 dk&#8217;da 1 araba \u00fcretiliyor&#8230;. Tek bant kullan\u0131m\u0131n\u0131n en olumlu \u00f6zelli\u011fi hem alan olarak daha verimli bir alan kullan\u0131m\u0131 hem de her marka i\u00e7in bir bant a\u00e7t\u0131ktan sonra durabilecek olan \u00fcretim ko\u015fullar\u0131nda \u00e7al\u0131\u015fanlar\u0131n i\u015fsiz kalmalar\u0131n\u0131 engellemek. Elektrikli modellerinin seri \u00fcretim planlar\u0131n\u0131 ise 2011&#8217;in 3.\u00e7eyrek ba\u015flang\u0131c\u0131 olarak yapmaktalar.<\/p>\n<p><img loading=\"lazy\" decoding=\"async\" class=\"aligncenter\" title=\"Renault\" src=\"http:\/\/farm6.static.flickr.com\/5043\/5340612922_b1609a141c.jpg\" alt=\"\" width=\"425\" height=\"282\" \/><\/p>\n<p><img loading=\"lazy\" decoding=\"async\" class=\"aligncenter\" title=\"Renault Fabrika\" src=\"http:\/\/farm6.static.flickr.com\/5162\/5340009589_0115976b09.jpg\" alt=\"\" width=\"425\" height=\"285\" \/><\/p>\n<p><img loading=\"lazy\" decoding=\"async\" class=\"aligncenter\" title=\"Renault\" src=\"http:\/\/farm6.static.flickr.com\/5082\/5340613996_6c5e3bf212.jpg\" alt=\"\" width=\"454\" height=\"305\" \/><\/p>\n<p>Fabrikadaki proses planda her ad\u0131mda kontrol var.. \u00dcretim \u00f6ncesi, \u00fcretim ve sonras\u0131nda. \u00dcretimde insan elinin giremeyece\u011fi yada seri \u00fcretim a\u00e7\u0131s\u0131ndan daha olumlu olacak durumlarda robotlara \u00e7ok i\u015f d\u00fc\u015fmekte (250&#8217;i a\u015fk\u0131n robot say\u0131s\u0131).<\/p>\n<p>Fabrika gezisi sonras\u0131nda, dura\u011f\u0131m\u0131z me\u015fhur &#8220;Kebap\u00e7\u0131 \u0130skender&#8221;di.. Lezzet molam\u0131z sonras\u0131 Meganeomani finali i\u00e7in Renault-Mais&#8217;e geldik. Kokteyl, finalistler, yar\u0131\u015fma ve oylama sonunda en \u00e7\u0131lg\u0131n meganeomani (Krem \u015fanti ve \u00e7ikolata soslu Megane&#8217;i t\u00fcm\u00fcyle yalayan) finalist Megane&#8217;in sahibi oldu&#8230; Bu e\u011flenceli an\u0131n g\u00f6r\u00fcn\u00fct\u00fclerine ula\u015ft\u0131\u011f\u0131mda linkini payla\u015faca\u011f\u0131m.<\/p>\n<p><img loading=\"lazy\" decoding=\"async\" class=\"aligncenter\" title=\"Renault T\u00fcrkiye\" src=\"http:\/\/farm6.static.flickr.com\/5167\/5340613228_478c8ec8a2.jpg\" alt=\"\" width=\"425\" height=\"282\" \/><\/p>\n<p><img loading=\"lazy\" decoding=\"async\" class=\"aligncenter\" title=\"Motor At\u00f6lye\" src=\"http:\/\/farm6.static.flickr.com\/5169\/5340613698_718a8088c2.jpg\" alt=\"\" width=\"425\" height=\"282\" \/><\/p>\n<p>Organizasyonda eme\u011fi ge\u00e7en t\u00fcm Renault T\u00fcrkiye ve \u00e7al\u0131\u015fanlar\u0131na, Emre Ayta\u00e7 (Renault), Onur Cengiz&#8217;e (41? 29!), Alafortanfoni<em> <\/em>ve DirectComm&#8217;a te\u015fekk\u00fcrler&#8230;<\/p>\n<p><img loading=\"lazy\" decoding=\"async\" class=\"aligncenter\" title=\"Renault\" src=\"http:\/\/farm6.static.flickr.com\/5121\/5340000071_629ded38de.jpg\" alt=\"\" width=\"425\" height=\"282\" \/><\/p>\n<p><img loading=\"lazy\" decoding=\"async\" class=\"aligncenter\" title=\"Renault Bursa Fabrika\" src=\"http:\/\/farm6.static.flickr.com\/5041\/5339993227_9dccfb21be.jpg\" alt=\"\" width=\"425\" height=\"325\" \/><\/p>\n<p><img loading=\"lazy\" decoding=\"async\" class=\"aligncenter\" title=\"Tolga \u015ei\u015fmano\u011flu\" src=\"http:\/\/farm6.static.flickr.com\/5045\/5340605718_1ce98fe1dd.jpg\" alt=\"\" width=\"362\" height=\"425\" \/><\/p>\n<link rel=\"publisher\" href=\"https:\/\/plus.google.com\/115418739925694469214\"\/>\n","protected":false},"excerpt":{"rendered":"<p>&#8220;Dakikada 1 Araba&#8221; D\u00fcn (8 Ocak Cumartesi) Renault T\u00fcrkiye&#8217;nin Bursa Fabrikas\u0131n\u0131 gezdik. Bloggerlar olarak bizleri \u00e7ok g\u00fczel kar\u015f\u0131lad\u0131lar ve keyifli bir g\u00fcn ya\u015fad\u0131m. Benim i\u00e7in \u00e7ok g\u00fczel bir deneyim oldu&#8230;\u00a0 Ertan Etike Bey (Renault &#8211; \u0130leti\u015fim Direkt\u00f6r\u00fc) t\u00fcm g\u00fcn boyunca fabrikada bizlere ilgilendi. Kendisine \u00e7ok te\u015fekk\u00fcr ederim. Saniyelerin bile \u00e7ok \u00f6nemli oldu\u011fu bu \u00fcretim s\u00fcrecinde [&hellip;]<\/p>\n","protected":false},"author":1,"featured_media":213,"comment_status":"open","ping_status":"open","sticky":false,"template":"","format":"standard","meta":{"om_disable_all_campaigns":false,"_monsterinsights_skip_tracking":false,"_monsterinsights_sitenote_active":false,"_monsterinsights_sitenote_note":"","_monsterinsights_sitenote_category":0,"two_page_speed":[],"footnotes":""},"categories":[17,142,16],"tags":[20,23,21,19,22,18,638],"class_list":["post-120","post","type-post","status-publish","format-standard","has-post-thumbnail","hentry","category-gezi","category-otomobil","category-sosyal-medya-etkinlikleri","tag-fabrika-gezi","tag-iskender","tag-megane","tag-meganeomani","tag-otomotiv","tag-renault","tag-sosyal-medya-etkinlikleri"],"aioseo_notices":[],"_links":{"self":[{"href":"https:\/\/www.tolgasismanoglu.com\/blog\/wp-json\/wp\/v2\/posts\/120","targetHints":{"allow":["GET"]}}],"collection":[{"href":"https:\/\/www.tolgasismanoglu.com\/blog\/wp-json\/wp\/v2\/posts"}],"about":[{"href":"https:\/\/www.tolgasismanoglu.com\/blog\/wp-json\/wp\/v2\/types\/post"}],"author":[{"embeddable":true,"href":"https:\/\/www.tolgasismanoglu.com\/blog\/wp-json\/wp\/v2\/users\/1"}],"replies":[{"embeddable":true,"href":"https:\/\/www.tolgasismanoglu.com\/blog\/wp-json\/wp\/v2\/comments?post=120"}],"version-history":[{"count":30,"href":"https:\/\/www.tolgasismanoglu.com\/blog\/wp-json\/wp\/v2\/posts\/120\/revisions"}],"predecessor-version":[{"id":2705,"href":"https:\/\/www.tolgasismanoglu.com\/blog\/wp-json\/wp\/v2\/posts\/120\/revisions\/2705"}],"wp:featuredmedia":[{"embeddable":true,"href":"https:\/\/www.tolgasismanoglu.com\/blog\/wp-json\/wp\/v2\/media\/213"}],"wp:attachment":[{"href":"https:\/\/www.tolgasismanoglu.com\/blog\/wp-json\/wp\/v2\/media?parent=120"}],"wp:term":[{"taxonomy":"category","embeddable":true,"href":"https:\/\/www.tolgasismanoglu.com\/blog\/wp-json\/wp\/v2\/categories?post=120"},{"taxonomy":"post_tag","embeddable":true,"href":"https:\/\/www.tolgasismanoglu.com\/blog\/wp-json\/wp\/v2\/tags?post=120"}],"curies":[{"name":"wp","href":"https:\/\/api.w.org\/{rel}","templated":true}]}}