{"id":160,"date":"2011-01-11T15:02:06","date_gmt":"2011-01-11T22:02:06","guid":{"rendered":"http:\/\/tolgasismanoglu.com\/blog\/?p=160"},"modified":"2013-11-13T13:23:27","modified_gmt":"2013-11-13T20:23:27","slug":"turk-telekom-arena","status":"publish","type":"post","link":"https:\/\/www.tolgasismanoglu.com\/blog\/turk-telekom-arena\/","title":{"rendered":"Galatasaray &#8211; T\u00fcrk Telekom Arena A\u00e7\u0131l\u0131yor"},"content":{"rendered":"<p><img loading=\"lazy\" decoding=\"async\" class=\"alignleft\" title=\"GS\" src=\"http:\/\/farm6.static.flickr.com\/5003\/5347285438_2054339877.jpg\" alt=\"\" width=\"283\" height=\"261\" \/><strong>T\u00fcrk Telekom Arena A\u00e7\u0131l\u0131yor&#8230;<\/strong>Uzun zamand\u0131r beklenen, Galatasaray&#8217;\u0131n yeni mabedi <strong>15 Ocak 2011<\/strong> tarihinde a\u00e7\u0131l\u0131yor&#8230; Avrupa fatihi, Ali Sami Yen&#8217;den Aslantepe&#8217;ye 157 adet locas\u0131 ve tam 52.650 taraftar kapasitesi ile T\u00fcrk Telekom Arena&#8217;ya ta\u015f\u0131n\u0131yor. Yeni stadyumda vip alanlar\u0131ndan, GS Store noktalar\u0131na, restoran ve food-court b\u00f6l\u00fcmlerinden geni\u015f bir m\u00fczeye kadar her\u015fey mevcut olacak. Stad\u0131n isim hakk\u0131 ise 10 y\u0131l boyunca T\u00fcrk Telekom&#8217;da&#8230;<!--more--><\/p>\n<p>Stadyumdaki di\u011fer \u00f6zellikleri sayacak olursam, T\u00fcrk Telekom Arena UEFA&#8217;n\u0131n 2006 y\u0131l\u0131nda belirledi\u011fi kriterler uygun olarak projelendirildi.<\/p>\n<p>(c90 standartlar\u0131ndaki ilk stadyum) Oturma alanlar\u0131 ve koridorlar \u00e7ok geni\u015f&#8230; Taraftarlar ma\u00e7\u0131 izlerken bacak bacak \u00fczerine atarak rahat\u00e7a izleyebilecekler. Oturma d\u00fczeni olarak da en \u00fcstte oturan ile en altta oturan izleyici ayn\u0131 kalitede ma\u00e7\u0131 izlemi\u015f olacak.<\/p>\n<p><img loading=\"lazy\" decoding=\"async\" class=\"aligncenter\" title=\"T\u00fcrk Telekom Arena\" src=\"http:\/\/farm6.static.flickr.com\/5130\/5347284080_9e3529efbf.jpg\" alt=\"\" width=\"425\" height=\"319\" \/><img loading=\"lazy\" decoding=\"async\" class=\"aligncenter\" title=\"T\u00fcrk Telekom Arena\" src=\"http:\/\/farm6.static.flickr.com\/5081\/5346675007_c793b197f8.jpg\" alt=\"\" width=\"425\" height=\"319\" \/><\/p>\n<p>Arena&#8217;n\u0131n akustu\u011fi ise Ali Sami Yen&#8217;i aratm\u0131yor. Kale arkas\u0131-Trib\u00fcn 8 mt. \/ Yan Trib\u00fcn-Saha uzakl\u0131k 6 mt. oldu\u011fundan kuvvetli bir atmosfer yeni zaferlerde bizleri bekliyor olacak. \ud83d\ude42<\/p>\n<p>Cem Y\u0131lmaz&#8217;\u0131n da reklamlar\u0131nda da dedi\u011fi gibi alttan \u0131s\u0131tma 4 mevsim boyunca \u00e7imleri 16 derecede tutacak. (B\u00f6breklere iyi gelecek! \ud83d\ude42 400 par\u00e7adan olu\u015fan \u00e7im zemin ise herhangi bir durumda 24 saatte de\u011fi\u015ftirilebilme \u00f6zelli\u011fine sahip.<\/p>\n<p>***<\/p>\n<p>Stadyumda sadece ma\u00e7lar oynanmayacak. Konserler, etkinliklere de izin var. 3.500 ara\u00e7l\u0131k bir otopark hizmeti mevcut. Duydu\u011fuma g\u00f6re 2011 yaz aylar\u0131nda stad\u0131n \u00fcst\u00fcn\u00fcn a\u00e7\u0131l\u0131r kapan\u0131r olma \u00f6zelli\u011fini kazand\u0131racak olan kapaklar tak\u0131lacak.<\/p>\n<p>B\u00f6yle b\u00fcy\u00fck bir yap\u0131n\u0131n a\u00e7\u0131l\u0131\u015f\u0131 i\u00e7in bende, Lig Radyo ve FourFourTwo ad\u0131na birka\u00e7 ufak \u00e7al\u0131\u015fma yapt\u0131\u011f\u0131m i\u00e7in \u00e7ok keyifliyim.<\/p>\n<p>Bu arada \u00f6zellikle a\u00e7\u0131l\u0131\u015fa kat\u0131lacak davetli \/ taraftarlar i\u00e7in \u00f6nemli bir hat\u0131rlatma yapmak istiyorum.. 15 Ocak g\u00fcn\u00fc mutlaka Metro hizmetini kullan\u0131n. Bu \u015fekilde \u00e7ok daha rahat bir \u015fekilde evinize ula\u015facaks\u0131n\u0131z&#8230;<\/p>\n<p>Yeni mabedinde aslana yeni zaferler, ba\u015far\u0131lar diliyorum&#8230;<\/p>\n<p>T\u00fcrk Telekom Arena, T\u00fcrk Sporuna hay\u0131rl\u0131 olsun&#8230;<\/p>\n<p><img loading=\"lazy\" decoding=\"async\" class=\"aligncenter\" title=\"GS Yeni Stadyum\" src=\"http:\/\/farm6.static.flickr.com\/5241\/5346676375_45ab7c1567.jpg\" alt=\"\" width=\"500\" height=\"358\" \/><img loading=\"lazy\" decoding=\"async\" class=\"aligncenter\" title=\"Stadyum Gece\" src=\"http:\/\/farm6.static.flickr.com\/5081\/5347537654_b1ebd1e83c.jpg\" alt=\"\" width=\"445\" height=\"261\" \/><\/p>\n<p><img loading=\"lazy\" decoding=\"async\" class=\"aligncenter\" title=\"t\u00fcrk Telekom Arena Plan\" src=\"http:\/\/farm6.static.flickr.com\/5088\/5346928313_13e4d1ba5b.jpg\" alt=\"\" width=\"417\" height=\"500\" \/><\/p>\n<link rel=\"publisher\" href=\"https:\/\/plus.google.com\/115418739925694469214\"\/>\n","protected":false},"excerpt":{"rendered":"<p>T\u00fcrk Telekom Arena A\u00e7\u0131l\u0131yor&#8230;Uzun zamand\u0131r beklenen, Galatasaray&#8217;\u0131n yeni mabedi 15 Ocak 2011 tarihinde a\u00e7\u0131l\u0131yor&#8230; Avrupa fatihi, Ali Sami Yen&#8217;den Aslantepe&#8217;ye 157 adet locas\u0131 ve tam 52.650 taraftar kapasitesi ile T\u00fcrk Telekom Arena&#8217;ya ta\u015f\u0131n\u0131yor. Yeni stadyumda vip alanlar\u0131ndan, GS Store noktalar\u0131na, restoran ve food-court b\u00f6l\u00fcmlerinden geni\u015f bir m\u00fczeye kadar her\u015fey mevcut olacak. Stad\u0131n isim hakk\u0131 ise [&hellip;]<\/p>\n","protected":false},"author":1,"featured_media":214,"comment_status":"open","ping_status":"open","sticky":false,"template":"","format":"standard","meta":{"om_disable_all_campaigns":false,"_monsterinsights_skip_tracking":false,"_monsterinsights_sitenote_active":false,"_monsterinsights_sitenote_note":"","_monsterinsights_sitenote_category":0,"two_page_speed":[],"footnotes":""},"categories":[1],"tags":[26,24,27,25],"class_list":["post-160","post","type-post","status-publish","format-standard","has-post-thumbnail","hentry","category-genel","tag-cimbombom","tag-galatasaray","tag-gs","tag-turk-telekom-arena"],"aioseo_notices":[],"_links":{"self":[{"href":"https:\/\/www.tolgasismanoglu.com\/blog\/wp-json\/wp\/v2\/posts\/160","targetHints":{"allow":["GET"]}}],"collection":[{"href":"https:\/\/www.tolgasismanoglu.com\/blog\/wp-json\/wp\/v2\/posts"}],"about":[{"href":"https:\/\/www.tolgasismanoglu.com\/blog\/wp-json\/wp\/v2\/types\/post"}],"author":[{"embeddable":true,"href":"https:\/\/www.tolgasismanoglu.com\/blog\/wp-json\/wp\/v2\/users\/1"}],"replies":[{"embeddable":true,"href":"https:\/\/www.tolgasismanoglu.com\/blog\/wp-json\/wp\/v2\/comments?post=160"}],"version-history":[{"count":25,"href":"https:\/\/www.tolgasismanoglu.com\/blog\/wp-json\/wp\/v2\/posts\/160\/revisions"}],"predecessor-version":[{"id":2704,"href":"https:\/\/www.tolgasismanoglu.com\/blog\/wp-json\/wp\/v2\/posts\/160\/revisions\/2704"}],"wp:featuredmedia":[{"embeddable":true,"href":"https:\/\/www.tolgasismanoglu.com\/blog\/wp-json\/wp\/v2\/media\/214"}],"wp:attachment":[{"href":"https:\/\/www.tolgasismanoglu.com\/blog\/wp-json\/wp\/v2\/media?parent=160"}],"wp:term":[{"taxonomy":"category","embeddable":true,"href":"https:\/\/www.tolgasismanoglu.com\/blog\/wp-json\/wp\/v2\/categories?post=160"},{"taxonomy":"post_tag","embeddable":true,"href":"https:\/\/www.tolgasismanoglu.com\/blog\/wp-json\/wp\/v2\/tags?post=160"}],"curies":[{"name":"wp","href":"https:\/\/api.w.org\/{rel}","templated":true}]}}