{"id":215,"date":"2011-03-02T12:49:35","date_gmt":"2011-03-02T19:49:35","guid":{"rendered":"http:\/\/tolgasismanoglu.com\/blog\/?p=215"},"modified":"2013-11-13T13:23:07","modified_gmt":"2013-11-13T20:23:07","slug":"ipad2","status":"publish","type":"post","link":"https:\/\/www.tolgasismanoglu.com\/blog\/ipad2\/","title":{"rendered":"Apple iPad 2 Lansman\u0131 \/ Apple&#8217;s iPad 2 Event"},"content":{"rendered":"<p><img loading=\"lazy\" decoding=\"async\" class=\"alignleft\" src=\"http:\/\/farm6.static.flickr.com\/5018\/5492632598_27d91578aa.jpg\" alt=\"\" width=\"500\" height=\"253\" \/>Uzun zamand\u0131r beklenen ve \u00f6zelikleriyle yine \u00e7ok uzun bir s\u00fcre ad\u0131ndan s\u00f6z ettirecek olan iPad 2 bu ak\u015famki lansman\u0131 ile duyuruldu.<\/p>\n<p>&nbsp;<\/p>\n<p>Apple iPad 2 Lansman\u0131 \u00f6ncesi, ak\u0131llarda iPad 2 ile ilgili sorular haricinde bir soru daha vard\u0131? Steve Jobs sunumda olacak m\u0131yd\u0131? Son d\u00f6nemdeki hastal\u0131\u011f\u0131 ve inan\u0131lmaz zay\u0131flamas\u0131na ra\u011fmen beklenen cevab\u0131 almak uzun s\u00fcrmedi. Steve Jobs ile iPad 2 show&#8217;u ba\u015flad\u0131&#8230;<\/p>\n<p><!--more--><\/p>\n<p><strong>Yeni Nesil iPad Lansman\u0131ndan g\u00fcncel rakamlar<\/strong><\/p>\n<p>-200 milyon hesap aktif hale geldi.<br \/>\n&#8211; 100 milyon kitap indirilme say\u0131s\u0131. 2500 yay\u0131nc\u0131<br \/>\n&#8211; 9 ayda 15 milyon iPad sat\u0131\u015f\u0131.<br \/>\n&#8211; 100 Milyonuncu iPhone \u00fcretildi.<br \/>\n&#8211; iPad i\u00e7in 65Bin haz\u0131r aplikasyon var.<\/p>\n<p><img loading=\"lazy\" decoding=\"async\" class=\"aligncenter\" src=\"http:\/\/farm6.static.flickr.com\/5093\/5492014575_aa170164d2.jpg\" alt=\"\" width=\"500\" height=\"333\" \/><\/p>\n<p><strong>ve iPad 2&#8230; Yeni \u00d6zellikleri:<\/strong><\/p>\n<p>&#8211; A5 Chip (i\u015flemci)<br \/>\n&#8211; 9 Kat grafik performans\u0131<br \/>\n&#8211; \u00c7ift kamera (\u00d6n VGA, arka HD)<br \/>\n&#8211; %33 daha ince tasar\u0131m ve daha hafif (iPhone 4 &gt; 9.3 mm, iPad 2 &gt; 8.8 mm)<br \/>\n&#8211; Siyah ve Beyaz renk alternatifleri<br \/>\n&#8211; Pil s\u00fcresi 10 saat ve 1 ay bekleme s\u00fcresi.<br \/>\n&#8211; 3G AT&amp;T ve Verizon<\/p>\n<p><img loading=\"lazy\" decoding=\"async\" class=\"aligncenter\" title=\"iPad 2 T\u00fcrkiye\" src=\"http:\/\/farm6.static.flickr.com\/5174\/5492927064_5e540ed4c3.jpg\" alt=\"\" width=\"500\" height=\"333\" \/><br \/>\n&#8211; Wi-Fi (16GB-499$ \/32-599$ \/ 64-699$)\u00a0 WiFi+3G (16GB-629$ \/ 32-729$ \/64 -829$)<br \/>\n&#8211; USA Sat\u0131\u015f Tarihi: 11 Mart 2011 \/ 26 Farkl\u0131 \u00fclkede sat\u0131\u015f 25 Mart &#8211; Listede gene TR yok \ud83d\ude41<br \/>\n&#8211; 1080P Video \u00e7\u0131k\u0131\u015f deste\u011fi*<br \/>\n* HDMI Adapt\u00f6r (39$) Bu adapt\u00f6r ile ayn\u0131 zamanda \u015farj yapabilme.<br \/>\n&#8211; Smart Cover (Bir inovasyon \u00f6rne\u011fi diyebilirim.) Kaltanabilir k\u0131l\u0131f, ayn\u0131 zamanda iPad sehpas\u0131 niteli\u011finde kullan\u0131lmakta. Bir\u00e7ok farkl\u0131 renk alteratifi bulunan k\u0131l\u0131f\u0131n en g\u00fczel \u00f6zelli\u011fi ise k\u0131l\u0131f a\u00e7\u0131l\u0131p\/kapand\u0131\u011f\u0131nda iPad2&#8217;nin de otomatik olarak a\u00e7\u0131l\u0131p kapanmas\u0131 \ud83d\ude09\u00a0 (Poly cases 39$, Deri ise 69$ fiyat\u0131nda&#8230; (iPad 2 alacaksan\u0131z case&#8217;siz olmaz derim.)\u00a0 <a>iPad 2 SmartCase Video<\/a><br \/>\n&#8211; Bilgisayar\u0131n\u0131zdaki i\u00e7erikleri &#8220;Home Sharing&#8221; ile iPad 2&#8217;ye aktarmak art\u0131k m\u00fcmk\u00fcn. (Wi-Fi<br \/>\n\u00fczerinden Home Sharing hizmeti)<br \/>\n&#8211; AirPlay improvements<br \/>\n&#8211; \u0130zlenen videolar\u0131n direkt Apple TV&#8217;ye g\u00f6nderilmesi m\u00fcmk\u00fcn..<br \/>\n&#8211; Personal Hotspot. 3G ba\u011flant\u0131n\u0131z\u0131 birden fazla cihazla payla\u015fabilme olana\u011f\u0131 sa\u011fl\u0131yor. \u015eahane \ud83d\ude42 (Personal Hotspot sadece iPhone 4&#8217;lerde mevcut.)<br \/>\n&#8211; Photo Booth ile foto\u011fraflar\u0131n\u0131z ile e\u011flenceli saatler&#8230;<br \/>\n&#8211; FaceTime g\u00f6r\u00fc\u015fmesi esnas\u0131nda \u00f6n ve arka kamera aras\u0131nda ge\u00e7i\u015f yapabilme.<br \/>\n&#8211; Video g\u00f6r\u00fc\u015fme<br \/>\n&#8211; iMovie ve GarageBand yaz\u0131l\u0131mlar\u0131 (Her biri 4.99$) (GarageBand ile 8 kanala kadar edit deste\u011fi)<br \/>\n&#8211; Videolar\u0131n\u0131z\u0131 HD olarak payla\u015fma ve h\u0131zl\u0131ca video y\u00fckleme linkleri (YouTube, Vimeo, Facebook)<br \/>\n&#8211; Beklenen \u00f6zellik olan &#8220;Retina Display&#8221; ne yaz\u0131k ki iPad2&#8217;de kar\u015f\u0131m\u0131za \u00e7\u0131kmad\u0131. Belki 3&#8217;de&#8230;<br \/>\n&#8211; Arka Kamera: Video kay\u0131t (HD-720P), Still Kamera ile 5x dijital zoom, \u00d6n Kamera: Video kay\u0131t (VGA Kalite)<br \/>\n&#8211; Y\u00fckseklik: iPad &#8211; 13.2 mm\u00a0 \/\u00a0 iPad 2 &#8211; 8.6 mm<br \/>\n&#8211; iOS 4.3 11 Mart&#8217;da yay\u0131nda.<\/p>\n<p>SmartCover&#8217;\u0131 izlemek i\u00e7in <a title=\"ipad2 SmartCover\" href=\"http:\/\/youtu.be\/pbl_6DmzO4g\" target=\"_blank\"><span style=\"color: #ff0000;\">T\u0131klay\u0131n\u0131z!<\/span><\/a><\/p>\n<p>Apple iPad 2 Sayfas\u0131 i\u00e7in <a title=\"iPad 2\" href=\"http:\/\/www.apple.com\/ipad\/\" target=\"_blank\"><span style=\"color: #ff0000;\">T\u0131klay\u0131n\u0131z!<\/span><\/a><img loading=\"lazy\" decoding=\"async\" class=\"aligncenter\" title=\"iPad 2 design\" src=\"http:\/\/farm6.static.flickr.com\/5018\/5492906400_71046ff728.jpg\" alt=\"\" width=\"500\" height=\"398\" \/><\/p>\n<link rel=\"publisher\" href=\"https:\/\/plus.google.com\/115418739925694469214\"\/>\n","protected":false},"excerpt":{"rendered":"<p>Uzun zamand\u0131r beklenen ve \u00f6zelikleriyle yine \u00e7ok uzun bir s\u00fcre ad\u0131ndan s\u00f6z ettirecek olan iPad 2 bu ak\u015famki lansman\u0131 ile duyuruldu. &nbsp; Apple iPad 2 Lansman\u0131 \u00f6ncesi, ak\u0131llarda iPad 2 ile ilgili sorular haricinde bir soru daha vard\u0131? Steve Jobs sunumda olacak m\u0131yd\u0131? Son d\u00f6nemdeki hastal\u0131\u011f\u0131 ve inan\u0131lmaz zay\u0131flamas\u0131na ra\u011fmen beklenen cevab\u0131 almak uzun s\u00fcrmedi. [&hellip;]<\/p>\n","protected":false},"author":1,"featured_media":234,"comment_status":"open","ping_status":"open","sticky":false,"template":"","format":"standard","meta":{"om_disable_all_campaigns":false,"_monsterinsights_skip_tracking":false,"_monsterinsights_sitenote_active":false,"_monsterinsights_sitenote_note":"","_monsterinsights_sitenote_category":0,"two_page_speed":[],"footnotes":""},"categories":[28],"tags":[30,31,29,32,33],"class_list":["post-215","post","type-post","status-publish","format-standard","has-post-thumbnail","hentry","category-apple-mac","tag-apple-ipad2","tag-ipad","tag-ipad2","tag-smart-cover","tag-steve-jobs"],"aioseo_notices":[],"_links":{"self":[{"href":"https:\/\/www.tolgasismanoglu.com\/blog\/wp-json\/wp\/v2\/posts\/215","targetHints":{"allow":["GET"]}}],"collection":[{"href":"https:\/\/www.tolgasismanoglu.com\/blog\/wp-json\/wp\/v2\/posts"}],"about":[{"href":"https:\/\/www.tolgasismanoglu.com\/blog\/wp-json\/wp\/v2\/types\/post"}],"author":[{"embeddable":true,"href":"https:\/\/www.tolgasismanoglu.com\/blog\/wp-json\/wp\/v2\/users\/1"}],"replies":[{"embeddable":true,"href":"https:\/\/www.tolgasismanoglu.com\/blog\/wp-json\/wp\/v2\/comments?post=215"}],"version-history":[{"count":25,"href":"https:\/\/www.tolgasismanoglu.com\/blog\/wp-json\/wp\/v2\/posts\/215\/revisions"}],"predecessor-version":[{"id":2703,"href":"https:\/\/www.tolgasismanoglu.com\/blog\/wp-json\/wp\/v2\/posts\/215\/revisions\/2703"}],"wp:featuredmedia":[{"embeddable":true,"href":"https:\/\/www.tolgasismanoglu.com\/blog\/wp-json\/wp\/v2\/media\/234"}],"wp:attachment":[{"href":"https:\/\/www.tolgasismanoglu.com\/blog\/wp-json\/wp\/v2\/media?parent=215"}],"wp:term":[{"taxonomy":"category","embeddable":true,"href":"https:\/\/www.tolgasismanoglu.com\/blog\/wp-json\/wp\/v2\/categories?post=215"},{"taxonomy":"post_tag","embeddable":true,"href":"https:\/\/www.tolgasismanoglu.com\/blog\/wp-json\/wp\/v2\/tags?post=215"}],"curies":[{"name":"wp","href":"https:\/\/api.w.org\/{rel}","templated":true}]}}