{"id":2556,"date":"2013-10-22T14:24:00","date_gmt":"2013-10-22T21:24:00","guid":{"rendered":"http:\/\/www.tolgasismanoglu.com\/blog\/?p=2556"},"modified":"2016-01-21T00:44:48","modified_gmt":"2016-01-21T07:44:48","slug":"huzurlarinizda-ipad-air-ve-retina-ipad-mini","status":"publish","type":"post","link":"https:\/\/www.tolgasismanoglu.com\/blog\/huzurlarinizda-ipad-air-ve-retina-ipad-mini\/","title":{"rendered":"Huzurlar\u0131n\u0131zda iPad Air ve Retina iPad Mini"},"content":{"rendered":"<p>Uzun zamand\u0131r beklenen Apple Air lansman\u0131 22 Ekim g\u00fcn\u00fc San Francisco&#8217;da &#8220;We still have a lot to cover&#8221; mottosu ile ger\u00e7ekle\u015fti. Lansmanda 5. nesil yeni &#8220;iPad Air&#8221; ve Retina ekranl\u0131 yeni &#8220;iPad Mini Retina&#8221; tan\u0131t\u0131ld\u0131. Lansmanda ayn\u0131 zamanda yeni Macbook Pro serisini ve Mac Pro tan\u0131t\u0131ld\u0131. En son tablet lansman\u0131 (iPad 4G nesil) Mart 2012&#8217;de yap\u0131lm\u0131\u015ft\u0131. Konuyla ilgili blog yaz\u0131ma<a title=\"iPad 4G Lansman\u0131 \" href=\"http:\/\/www.tolgasismanoglu.com\/blog\/yeni-ipad\/\" target=\"_blank\"> \u015furadan<\/a> ula\u015fabilirsiniz. 10 Eyl\u00fcl 2013 tarihinde ger\u00e7ekle\u015fen iPhone5S lansman\u0131nda, tabletin cep telefonunun g\u00f6lgesinde kalmamas\u0131 ad\u0131na 5.nci nesil iPad&#8217;ler ile ilgili herhangi bir bilgi a\u00e7\u0131klanmam\u0131\u015ft\u0131. iPhone 5S ile ilgili detaylar\u0131 <a title=\"iPhone 5S\" href=\"http:\/\/www.tolgasismanoglu.com\/blog\/iphone5s-iphone5c\/\" target=\"_blank\">burada <\/a>yazm\u0131\u015ft\u0131m.<\/p>\n<p><!--more--><\/p>\n<p>Tim Cook konu\u015fmas\u0131n\u0131n ilk b\u00f6l\u00fcm\u00fcnde yine Apple ile ilgili ufak notlar payla\u015ft\u0131;<\/p>\n<p>&nbsp;<\/p>\n<p><strong>Rakamlarla Apple<\/strong><br \/>\n<strong>&#8211;<\/strong> Yeni iPhone&#8217;lar sat\u0131\u015fa \u00e7\u0131kt\u0131\u011f\u0131 ilk hafta 9 milyon adet satt\u0131<br \/>\n<strong>&#8211;<\/strong> 5 g\u00fcnde 200 milyon iOS cihaz, yeni i\u015fletim sistemi olan iOS7&#8217;ye ge\u00e7ti (iOS cihazlar\u0131n %67&#8217;si)<br \/>\n<strong>&#8211;<\/strong> Toplamda 170 milyon iPad sat\u0131ld\u0131. Tablet pazar\u0131n\u0131n %81&#8217;i iPad&#8217;in<br \/>\n<strong>&#8211;<\/strong> AppStore&#8217;da iPad i\u00e7in 475.000 uygulama mevcut<br \/>\n<strong>&#8211;<\/strong> iOS7 ile gelen iTunes radi tam 20 milyon dinleyiciye ula\u015ft\u0131 ve 1 milyar \u015fark\u0131 dinlendi<\/p>\n<p><strong>&#8211;<\/strong> Mac OSX Mavericks&#8217;e gelirsek; \u00fccretsiz olarak indirilebilecek \ud83d\ude42 olan Mavericks ile birlikte Maps ve iBooks uygulamalar\u0131 da Mac&#8217;lere geldi.<\/p>\n<p><strong><br \/>\nKar\u015f\u0131n\u0131zda 5. Nesil &#8220;iPad Air<\/strong>&#8221;<br \/>\nKonuyu hi\u00e7 uzatmadan, Apple severleri yeniden masrafa sokacak olan bu s\u00fcper tablet&#8217;in \u00f6zelliklerine inceleyelim.<br \/>\n<strong>&#8211;<\/strong> iPad Air 9.7 in\u00e7 Retina ekrana sahip<br \/>\n<strong>&#8211;<\/strong> 4. Nesil iPad&#8217;e g\u00f6re %20 daha ince, %40 daha hafif (450 gr.) ve %43 daha ince (7.5 mm) bir ekran \u00e7ercevesine sahip<br \/>\n<strong>&#8211;<\/strong> 64 bit A7 chip&#8217;e sahip olan iPad Air, M7 hareket i\u015flemcisi ile kar\u015f\u0131m\u0131za \u00e7\u0131k\u0131yor<br \/>\n<strong>&#8211; <\/strong>\u00c7ok daha h\u0131zl\u0131 (2x) wi-fi ba\u011flant\u0131s\u0131 (MIMO Teknolojisi)<br \/>\n<strong>&#8211;<\/strong> 10 saatlik bekleme s\u00fcresi<br \/>\n<strong>&#8211;<\/strong> 5 MP kamera ve 1080P video \u00e7ekme \u00f6zelli\u011fi<br \/>\n<strong>&#8211;<\/strong> $499&#8217;dan ba\u015flayan fiyatlarla sat\u0131lacak olan iPad Air, 1 Kas\u0131m&#8217;da yine her zamanki gibi T\u00fcrkiye hari\u00e7 sat\u0131\u015fa sunulacak. Bu kadar yo\u011fun sat\u0131\u015f ve reklam\u0131n\u0131n oldu\u011fu bir \u00fclke olan T\u00fcrkiye&#8217;nin hala neden bu 1 Kas\u0131m listesinde olmad\u0131\u011f\u0131 da bir soru i\u015fareti&#8230;<br \/>\n<strong>&#8211;<\/strong> Gri\/Beyaz ve Uzay Grisi\/Siyah renk se\u00e7enekleri<br \/>\n<strong>&#8211;<\/strong> T\u00fcm detayl\u0131 bilgiye <a title=\"iPad Air\" href=\"www.apple.com\/ipad-air\" target=\"_blank\">www.apple.com\/ipad-air<\/a> adresinden ula\u015fabilirsiniz.<\/p>\n<p><img loading=\"lazy\" decoding=\"async\" class=\"aligncenter\" src=\"http:\/\/farm8.staticflickr.com\/7367\/10428765764_9fff665730.jpg\" alt=\"\" width=\"383\" height=\"391\" \/><\/p>\n<p><strong>Yeni &#8220;iPad Mini&#8221; Retina Ekran<\/strong><br \/>\n<strong>&#8211;\u00a0 <\/strong>7.9 in\u00e7 Retina ekran ve 2048 x 1536 px \u00e7\u00f6z\u00fcn\u00fcrl\u00fck (324 ppi)<strong><br \/>\n<\/strong><strong>&#8211;\u00a0 <\/strong>64 bit A7 chipe sahip olan iPad Mini, \u00e7ift \u00e7ekirdek 1300 MHZ i\u015flemci ile kar\u015f\u0131m\u0131za \u00e7\u0131k\u0131yor<br \/>\n<strong>&#8211; <\/strong>10 saatlik batarya \u00f6mr\u00fc ve MIMO 2x h\u0131zl\u0131 wi-fi \u00f6zelli\u011fine sahip<br \/>\n<strong>&#8211;<\/strong> \u00d6nceki Mini&#8217;ye g\u00f6re 4 kat daha fazla performans ve 8 kat daha fazla frafik performans\u0131 sunuyor<br \/>\n<strong>&#8211;<\/strong> 5MP iSight kamera+\u00f6n kamera ve 1080P video \u00e7ekme \u00f6zelli\u011fi<br \/>\n<strong>&#8211; <\/strong>341 gr. a\u011f\u0131rl\u0131\u011f\u0131nda<br \/>\n<strong>&#8211; <\/strong>Bir \u00f6nceki ilk iPad Mini $299&#8217;a d\u00fc\u015ferken, Retina iPam Mini 16GB wi-Fi ise $399&#8217;a sat\u0131lacak<br \/>\n<strong>&#8211; <\/strong>1 Kas\u0131m&#8217;da sat\u0131\u015fa sunuluyor. T\u00fcrkiye listede yok!!!<br \/>\n<strong>&#8211; <\/strong>T\u00fcm detayl\u0131 bilgiye <a title=\"iPad Mini\" href=\"www.apple.com\/ipad-mini \" target=\"_blank\">www.apple.com\/ipad-mini <\/a>adresinden ula\u015fabilirsiniz.<br \/>\n<img loading=\"lazy\" decoding=\"async\" class=\"aligncenter\" src=\"http:\/\/farm3.staticflickr.com\/2829\/10428796455_ce993752ef.jpg\" alt=\"\" width=\"500\" height=\"295\" \/><\/p>\n<p><strong>Yeni Macbook Pro ve Mac Pro<\/strong><br \/>\n&#8211; Lansmanda yeni Macbook Pro&#8217;lar tan\u0131t\u0131ld\u0131. Yukar\u0131da da bahsetti\u011fim gibi MAC OSX Mavericks \u00fccretsiz olarak indirilebilecek<br \/>\n&#8211; 13 in\u00e7 Pro Retina ekrana sahip ve 1.56 kg a\u011f\u0131rl\u0131\u011f\u0131nda. \u00d6ncei modelden 1.8 cm daha ince olan Macbook Pro 13 in\u00e7 %90 oranda daha h\u0131zl\u0131 ve pil \u00f6mr\u00fc 9 saat. $1299&#8217;dan en d\u00fc\u015f\u00fck paketi sat\u0131\u015fa sunuldu<br \/>\n&#8211; 15 in\u00e7 Pro da aynen Retina ekrana sahip. 8 saatlik pil \u00f6mr\u00fc ile kar\u015f\u0131m\u0131za \u00e7\u0131kan Macbook Pro 15 in\u00e7,$1.999&#8217;dan sat\u0131lacak<br \/>\n&#8211; Yeni Mac Pro, s\u0131rad\u0131\u015f\u0131 ve s\u00fcper karizma tasar\u0131m\u0131yla kar\u015f\u0131m\u0131za \u00e7\u0131k\u0131yor. Bir \u00f6nceki modeline g\u00f6re %70 daha az enerji kullanan Mac Pro, 4 \u00e7ekirdekli Xeon\u00a0 i\u015flemci ta\u015f\u0131yor. Aral\u0131k ay\u0131nda $2.999&#8217;dan sat\u0131lacak.<br \/>\n&#8211; T\u00fcm detayl\u0131 bilgiye <a title=\"Macbook Pro\" href=\"www.apple.com\/mac\" target=\"_blank\">www.apple.com\/mac<\/a> adresinden ula\u015fabilirsiniz.<\/p>\n<p>iPad Air&#8217;li bol yarat\u0131c\u0131 g\u00fcnler&#8230; \ud83d\ude42<\/p>\n<p>&nbsp;<\/p>\n","protected":false},"excerpt":{"rendered":"<p>Uzun zamand\u0131r beklenen Apple Air lansman\u0131 22 Ekim g\u00fcn\u00fc San Francisco&#8217;da &#8220;We still have a lot to cover&#8221; mottosu ile ger\u00e7ekle\u015fti. Lansmanda 5. nesil yeni &#8220;iPad Air&#8221; ve Retina ekranl\u0131 yeni &#8220;iPad Mini Retina&#8221; tan\u0131t\u0131ld\u0131. Lansmanda ayn\u0131 zamanda yeni Macbook Pro serisini ve Mac Pro tan\u0131t\u0131ld\u0131. En son tablet lansman\u0131 (iPad 4G nesil) Mart 2012&#8217;de [&hellip;]<\/p>\n","protected":false},"author":1,"featured_media":3605,"comment_status":"open","ping_status":"open","sticky":false,"template":"","format":"standard","meta":{"om_disable_all_campaigns":false,"_monsterinsights_skip_tracking":false,"_monsterinsights_sitenote_active":false,"_monsterinsights_sitenote_note":"","_monsterinsights_sitenote_category":0,"two_page_speed":[],"footnotes":""},"categories":[28],"tags":[500,501,163,495,497,496,492,498,494,491,499,493,229],"class_list":["post-2556","post","type-post","status-publish","format-standard","has-post-thumbnail","hentry","category-apple-mac","tag-a7-chip","tag-air-ipad","tag-apple","tag-garageband","tag-ilife","tag-imovie","tag-ipad-air","tag-iwork","tag-mac-os-x-mavericks","tag-mac-pro","tag-macbook-pro","tag-retina-ipad-mini","tag-yeni-ipad"],"aioseo_notices":[],"_links":{"self":[{"href":"https:\/\/www.tolgasismanoglu.com\/blog\/wp-json\/wp\/v2\/posts\/2556","targetHints":{"allow":["GET"]}}],"collection":[{"href":"https:\/\/www.tolgasismanoglu.com\/blog\/wp-json\/wp\/v2\/posts"}],"about":[{"href":"https:\/\/www.tolgasismanoglu.com\/blog\/wp-json\/wp\/v2\/types\/post"}],"author":[{"embeddable":true,"href":"https:\/\/www.tolgasismanoglu.com\/blog\/wp-json\/wp\/v2\/users\/1"}],"replies":[{"embeddable":true,"href":"https:\/\/www.tolgasismanoglu.com\/blog\/wp-json\/wp\/v2\/comments?post=2556"}],"version-history":[{"count":25,"href":"https:\/\/www.tolgasismanoglu.com\/blog\/wp-json\/wp\/v2\/posts\/2556\/revisions"}],"predecessor-version":[{"id":3606,"href":"https:\/\/www.tolgasismanoglu.com\/blog\/wp-json\/wp\/v2\/posts\/2556\/revisions\/3606"}],"wp:featuredmedia":[{"embeddable":true,"href":"https:\/\/www.tolgasismanoglu.com\/blog\/wp-json\/wp\/v2\/media\/3605"}],"wp:attachment":[{"href":"https:\/\/www.tolgasismanoglu.com\/blog\/wp-json\/wp\/v2\/media?parent=2556"}],"wp:term":[{"taxonomy":"category","embeddable":true,"href":"https:\/\/www.tolgasismanoglu.com\/blog\/wp-json\/wp\/v2\/categories?post=2556"},{"taxonomy":"post_tag","embeddable":true,"href":"https:\/\/www.tolgasismanoglu.com\/blog\/wp-json\/wp\/v2\/tags?post=2556"}],"curies":[{"name":"wp","href":"https:\/\/api.w.org\/{rel}","templated":true}]}}