{"id":591,"date":"2011-06-30T14:33:31","date_gmt":"2011-06-30T21:33:31","guid":{"rendered":"http:\/\/www.tolgasismanoglu.com\/blog\/?p=591"},"modified":"2013-11-13T13:18:43","modified_gmt":"2013-11-13T20:18:43","slug":"mercedes-benz-driving-experience","status":"publish","type":"post","link":"https:\/\/www.tolgasismanoglu.com\/blog\/mercedes-benz-driving-experience\/","title":{"rendered":"Mercedes Benz Driving Experience Day&#8217;11"},"content":{"rendered":"<p><img loading=\"lazy\" decoding=\"async\" class=\"alignleft\" title=\"Mercedes-Benz T\u00fcrkiye\" src=\"http:\/\/farm6.static.flickr.com\/5232\/5888521209_e26839a73c.jpg\" alt=\"\" width=\"422\" height=\"287\" \/>Mercedes Benz Driving Experince Day&#8217;11&#8230; Mercedes Benz T\u00fcrkiye&#8217;nin ilk sosyal medya etkinli\u011fi 25 Haziran Cumartesi g\u00fcn\u00fc Polonezk\u00f6y Village Park&#8217;da d\u00fczenlendi. S\u00fcper bir blogger etkinli\u011fi haz\u0131rlayan <a title=\"Mercedes-Benz T\u00fcrkiye\" href=\"http:\/\/www.facebook.com\/mercedesbenztr\" target=\"_blank\"><span style=\"color: #000000;\">Mercedes-Benz T\u00fcrkiye<\/span><\/a> ve Sosyal Medya Ajans\u0131 <a title=\"Limon Social\" href=\"http:\/\/www.limonsocial.com\/\" target=\"_blank\"><span style=\"color: #000000;\">Limonsocial&#8217;<\/span><\/a>a yaz\u0131ma ba\u015flamadan \u00f6nce, bu g\u00fczel etkinlik davetleri ve emekleri i\u00e7in\u00a0\u00e7ok te\u015fekk\u00fcr etmek istiyorum. Gelelim bu s\u00fcper blogger etkinli\u011fine&#8230; Mercedes-Benz T\u00fcrkiye, bu etkinlikte Yeni C\u00a0Serisi, Smart ve Yeni SLK serilerinin bizlere test s\u00fcr\u00fc\u015f\u00fc f\u0131rsat\u0131n\u0131 sa\u011flad\u0131. Kendi ad\u0131ma konu\u015fmam gerekirse\u00a0\u00f6zellike (Di\u011ferlerinin de hakk\u0131n\u0131 yemeyelim) SLK serisi deneyimi beni\u00a0ger\u00e7ekten etkiledi&#8230; \ud83d\ude42<\/p>\n<p><!--more--><\/p>\n<p>Otomobil seven bir blogger olarak \u00e7a\u011fr\u0131ld\u0131\u011f\u0131m organizasyon Village Park&#8217;da g\u00fczel bir kahvalt\u0131 ile ba\u015flad\u0131&#8230; 2 gruba ayr\u0131lan bloggerlar t\u00fcm ara\u00e7lar\u0131 s\u0131rayla test etti. Polonezk\u00f6y parkuru ve keskin virajlar 3 seriyi de daha iyi tan\u0131mak i\u00e7in g\u00fczel bir se\u00e7im olmu\u015ftu. T\u00fcm g\u00fcn boyunca organizasyon ve hizmet ger\u00e7ekten kusursuzdu diyebilirim. \u00d6\u011fle yeme\u011fimiz \u00f6ncesi s\u0131ra bana geldi\u011finde maceraya C Serisi ile ba\u015flad\u0131m.<\/p>\n<p style=\"text-align: center;\"><img loading=\"lazy\" decoding=\"async\" class=\"aligncenter\" title=\"Mercedes-Benz T\u00fcrkiye\" src=\"http:\/\/farm7.static.flickr.com\/6005\/5889114044_ca8258dfea.jpg\" alt=\"\" width=\"500\" height=\"151\" \/><\/p>\n<h4 style=\"padding-left: 30px;\"><strong>Yeni C Serisi<\/strong><\/h4>\n<p style=\"padding-left: 30px;\">\u0130\u00e7ine bindi\u011finizde d\u0131\u015fardan g\u00f6z\u00fcken o klasik C serisi d\u00fc\u015f\u00fcnceniz tamamen de\u011fi\u015fiyor. Spor bir i\u00e7 dizayn\u00a0i\u00e7erde sizi bekliyor. Konforlu ve bir o kadar rahat\u00a0ya\u015fam kabini, i\u00e7inde kendinizi ger\u00e7ekten g\u00fcvende hissetmenizi sa\u011fl\u0131yor. Arac\u0131n yol tutu\u015fu \u00e7ok ba\u015far\u0131l\u0131. 7 ileri tronic plus \u015fanz\u0131man sistemi ile vites ge\u00e7i\u015flerini neredeyse hissetmiyorsunuz. Agility Control ad\u0131 verilen s\u00fcspansiyon sistemi her tekerle\u011fi ayr\u0131 bir \u015fekilde daha sert\/yumu\u015fak ayarlayabiliyor. Bu da sizin \u00e7ok daha konforlu bir yolculuk etmenizi sa\u011fl\u0131yor. Gerek a\u011f\u0131rba\u015fl\u0131 bir s\u00fcr\u00fc\u015f, gerekse\u00a0daha sportif heyecan verici s\u00fcr\u00fc\u015f yapman\u0131z C Serisi ile m\u00fcmk\u00fcn.<\/p>\n<h4 style=\"padding-left: 30px;\"><strong>Smart<\/strong><\/h4>\n<p style=\"padding-left: 30px;\">\u015eehir i\u00e7i kullan\u0131m i\u00e7in birebir&#8230; Ufak yap\u0131s\u0131 ve buna inat s\u00fcper performans\u0131 ile g\u00f6z dolduruyor. Daha \u00f6nce \u00e7ok defa \u015fehiri\u00e7i kullan\u0131m \u015fan\u015f\u0131m olmu\u015ftu. Fakat g\u00f6ky\u00fcz\u00fcn\u00fc izleyerek Cabrio keyfini s\u00fcrmek \u00e7ok daha iyimi\u015f \ud83d\ude42 Ufak yap\u0131s\u0131na ra\u011fmen arac\u0131n yol tutu\u015fu ve savrulmaya kar\u015f\u0131 g\u00f6sterdi\u011fi diren\u00e7 gayet ba\u015far\u0131l\u0131. Park sorununu bilmeyen yap\u0131s\u0131yla bence \u00f6zellikle \u0130stanbul gibi B\u00fcy\u00fck\u015fehirlerde kesinlikle tercih edilebilir. Kendine has bir \u015firinli\u011fi olan smart&#8217;\u0131 bence hi\u00e7 hafife almay\u0131n derim. \u00d6zellikle\u00a0yoku\u015f yukar\u0131 \u00e7\u0131k\u0131\u015flarda bir tav\u015fan gibi ka\u00e7\u0131yor&#8230;<\/p>\n<h4 style=\"padding-left: 30px;\"><strong>Yeni SLK Serisi<\/strong><\/h4>\n<p style=\"padding-left: 30px;\">Tam bir &#8220;Canavar&#8221;. Bu kavram SLK i\u00e7in ger\u00e7ekten \u00e7ok uygun. \u0130\u00e7inde gaza gelmemek, h\u0131z yapmamak ve o g\u00fcveni ya\u015famamak elde de\u011fil. En sakin s\u00fcr\u00fcc\u00fcs\u00fcn\u00fc bile motorundan gelen ses ile bence s\u00fcpersonic \ud83d\ude42 bir ki\u015fiye \u00e7evirebilir. Bir adet Mercedes se\u00e7me hakk\u0131m olsa tercihim \u00e7ok net! Performans\u0131 ile m\u00fckemmellik \u00e7izgisine dayanm\u0131\u015f olan SLK&#8217;n\u0131n yol tutu\u015fu ve ne yaparsan\u0131z yap\u0131n savrulmamak i\u00e7in verdi\u011fi tepki ger\u00e7ekten beni etkiledi. Test s\u00fcr\u00fc\u015f\u00fc esnas\u0131nda s\u0131n\u0131rlar\u0131 ne kadar zorlasamda zafer SLK&#8217;n\u0131n oldu. Tek olumsuz detay ise test s\u00fcr\u00fc\u015f\u00fcn\u00fcn bitmesiydi&#8230; H\u0131r\u00e7\u0131n ve bir o kadar g\u00fcven veren yeni SLK&#8217;y\u0131 kesinlikle denemenizi tavsiye ederim. Motor g\u00fcc\u00fc ve yak\u0131t tasarrufunu incelemeden ge\u00e7meyin.<\/p>\n<p style=\"padding-left: 30px;\"><img loading=\"lazy\" decoding=\"async\" class=\"aligncenter\" title=\"Mercedes-Benz T\u00fcrkiye\" src=\"http:\/\/farm6.static.flickr.com\/5303\/5889114614_b028e2f03d.jpg\" alt=\"\" width=\"434\" height=\"420\" \/><\/p>\n<p>Test s\u00fcr\u00fc\u015flerimizin ard\u0131ndan kendi Mercedes&#8217;imizi kendimizin yapt\u0131\u011f\u0131 yar\u0131\u015fmaya ge\u00e7tik. Bir\u00e7ok par\u00e7ay\u0131 birle\u015ftirip, kendimizden de sanat eserleri \ud83d\ude42 katarak arabam\u0131z\u0131 yapt\u0131k. Sonunda 1.lik \u015fampanyas\u0131n\u0131 biz patlatt\u0131k fakat di\u011fer ekibinde ba\u015far\u0131s\u0131 gayet iyiydi. Sonu\u00e7 olarak e\u011flendik ve birlikte keyifli saatler ge\u00e7irdik.<\/p>\n<p>D\u00f6n\u00fc\u015f yolculu\u011fumuzun \u00f6ncesindeki, kokteyl ve \u00e7ekili\u015fin (Bir ki\u015fiye hafta sonu C Serisi hediyesi) ard\u0131ndan bu keyifli etkinli\u011fi de bu \u015fekilde tamamlam\u0131\u015f olduk.<\/p>\n<p>Her ne kadar\u00a0C serisi\u00a0hafta sonu i\u00e7in bana \u00e7\u0131kmasa da, halen 16 Temmuz&#8217;daki nikah\u0131m (Gelin arabas\u0131)\u00a0i\u00e7in <em>&#8220;Mercedes! O hafta sonu bana da sponsor olur musun?&#8221;<\/em> diyorum&#8230; \ud83d\ude42<\/p>\n<p>Keyifli ve bol yarat\u0131c\u0131 g\u00fcnler&#8230;<\/p>\n<p><img loading=\"lazy\" decoding=\"async\" class=\"aligncenter\" title=\"Mercedes-Benz T\u00fcrkiye\" src=\"http:\/\/farm6.static.flickr.com\/5320\/5888521677_58869f4e37.jpg\" alt=\"\" width=\"388\" height=\"500\" \/><\/p>\n<p><img loading=\"lazy\" decoding=\"async\" class=\"aligncenter\" title=\"Mercedes-Benz T\u00fcrkiye\" src=\"http:\/\/farm6.static.flickr.com\/5061\/5889115194_7bced0f0db.jpg\" alt=\"\" width=\"500\" height=\"244\" \/><img loading=\"lazy\" decoding=\"async\" class=\"aligncenter\" title=\"Mercdes-Benz T\u00fcrkiye\" src=\"http:\/\/farm6.static.flickr.com\/5151\/5889136800_b9db6be070.jpg\" alt=\"\" width=\"500\" height=\"332\" \/><\/p>\n<link rel=\"publisher\" href=\"https:\/\/plus.google.com\/115418739925694469214\"\/>\n","protected":false},"excerpt":{"rendered":"<p>Mercedes Benz Driving Experince Day&#8217;11&#8230; Mercedes Benz T\u00fcrkiye&#8217;nin ilk sosyal medya etkinli\u011fi 25 Haziran Cumartesi g\u00fcn\u00fc Polonezk\u00f6y Village Park&#8217;da d\u00fczenlendi. S\u00fcper bir blogger etkinli\u011fi haz\u0131rlayan Mercedes-Benz T\u00fcrkiye ve Sosyal Medya Ajans\u0131 Limonsocial&#8217;a yaz\u0131ma ba\u015flamadan \u00f6nce, bu g\u00fczel etkinlik davetleri ve emekleri i\u00e7in\u00a0\u00e7ok te\u015fekk\u00fcr etmek istiyorum. Gelelim bu s\u00fcper blogger etkinli\u011fine&#8230; Mercedes-Benz T\u00fcrkiye, bu etkinlikte Yeni [&hellip;]<\/p>\n","protected":false},"author":1,"featured_media":587,"comment_status":"open","ping_status":"open","sticky":false,"template":"","format":"standard","meta":{"om_disable_all_campaigns":false,"_monsterinsights_skip_tracking":false,"_monsterinsights_sitenote_active":false,"_monsterinsights_sitenote_note":"","_monsterinsights_sitenote_category":0,"two_page_speed":[],"footnotes":""},"categories":[142,16],"tags":[136,134,131,132,133,135,137,638,138],"class_list":["post-591","post","type-post","status-publish","format-standard","has-post-thumbnail","hentry","category-otomobil","category-sosyal-medya-etkinlikleri","tag-c-serisi","tag-driving-experience","tag-mercedes","tag-mercedes-benz","tag-mercedes-benz-driving-experience-day11","tag-mercedes-smart","tag-slk","tag-sosyal-medya-etkinlikleri","tag-village-park"],"aioseo_notices":[],"_links":{"self":[{"href":"https:\/\/www.tolgasismanoglu.com\/blog\/wp-json\/wp\/v2\/posts\/591","targetHints":{"allow":["GET"]}}],"collection":[{"href":"https:\/\/www.tolgasismanoglu.com\/blog\/wp-json\/wp\/v2\/posts"}],"about":[{"href":"https:\/\/www.tolgasismanoglu.com\/blog\/wp-json\/wp\/v2\/types\/post"}],"author":[{"embeddable":true,"href":"https:\/\/www.tolgasismanoglu.com\/blog\/wp-json\/wp\/v2\/users\/1"}],"replies":[{"embeddable":true,"href":"https:\/\/www.tolgasismanoglu.com\/blog\/wp-json\/wp\/v2\/comments?post=591"}],"version-history":[{"count":18,"href":"https:\/\/www.tolgasismanoglu.com\/blog\/wp-json\/wp\/v2\/posts\/591\/revisions"}],"predecessor-version":[{"id":2673,"href":"https:\/\/www.tolgasismanoglu.com\/blog\/wp-json\/wp\/v2\/posts\/591\/revisions\/2673"}],"wp:featuredmedia":[{"embeddable":true,"href":"https:\/\/www.tolgasismanoglu.com\/blog\/wp-json\/wp\/v2\/media\/587"}],"wp:attachment":[{"href":"https:\/\/www.tolgasismanoglu.com\/blog\/wp-json\/wp\/v2\/media?parent=591"}],"wp:term":[{"taxonomy":"category","embeddable":true,"href":"https:\/\/www.tolgasismanoglu.com\/blog\/wp-json\/wp\/v2\/categories?post=591"},{"taxonomy":"post_tag","embeddable":true,"href":"https:\/\/www.tolgasismanoglu.com\/blog\/wp-json\/wp\/v2\/tags?post=591"}],"curies":[{"name":"wp","href":"https:\/\/api.w.org\/{rel}","templated":true}]}}