{"id":62,"date":"2011-01-04T15:42:24","date_gmt":"2011-01-04T22:42:24","guid":{"rendered":"http:\/\/tolgasismanoglu.com\/blog\/?p=62"},"modified":"2013-11-13T13:24:05","modified_gmt":"2013-11-13T20:24:05","slug":"meganeomani-olmak","status":"publish","type":"post","link":"https:\/\/www.tolgasismanoglu.com\/blog\/meganeomani-olmak\/","title":{"rendered":"Meganeomani olmak&#8230;"},"content":{"rendered":"<p><span style=\"color: #000000;\">S\u0131radan bir \u00e7al\u0131\u015fma g\u00fcn\u00fc. Dan\u0131\u015fmadan ar\u0131yorlar ve <strong>&#8220;Megy&#8221;<\/strong> han\u0131m\u0131n geldi\u011fini s\u00f6yl\u00fcyorlar&#8230; S\u0131rlar i\u00e7erisinde \u00e7ok da a\u00e7\u0131klama yapmadan gelip giden bir Megy&#8230; Verdi\u011fi zarf\u0131n i\u00e7inden bir telefon \u00e7\u0131k\u0131yor&#8230; ve bir Meganeomani olarak telefondan aranmay\u0131 bekliyorum. Birka\u00e7 g\u00fcn i\u00e7inde ortaya \u00e7\u0131k\u0131yor ki \u00e7ok ak\u0131ll\u0131ca planlanm\u0131\u015f bir blogger etkinli\u011fi&#8230; Proximity \u0130stanbul ve Lotus Medya&#8217;n\u0131n planlad\u0131klar\u0131 keyifli bir haftasonu&#8230;<\/span><\/p>\n<p><span style=\"color: #000000;\"><img loading=\"lazy\" decoding=\"async\" class=\"alignnone\" title=\"Meganeomani\" src=\"http:\/\/farm6.static.flickr.com\/5124\/5324525749_08bcc9d285.jpg\" alt=\"\" width=\"400\" height=\"265\" \/><\/span><\/p>\n<p><span style=\"color: #000000;\"><!--more--><img loading=\"lazy\" decoding=\"async\" class=\"alignnone\" title=\"meganeomani blogger\" src=\"http:\/\/farm6.static.flickr.com\/5003\/5325132722_7d48536f81.jpg\" alt=\"\" width=\"496\" height=\"275\" \/><br \/>\n<\/span><\/p>\n<p><span style=\"color: #000000;\"><strong>6 Kas\u0131m 2010 Cumartesi:<\/strong> Rotam\u0131z \u0130\u011fneada&#8230; Haftasonu g\u00fcn\u00fcn ilk \u0131\u015f\u0131klar\u0131yla Maslak \/ Sun Plaza \u00f6n\u00fcnde bulu\u015fuyoruz. Herbiri biribirinden keyifli bir\u00e7ok Renault Megane, s\u00fcr\u00fc\u015f keyfi i\u00e7in bizleri bekliyor. Keyifli bir sohbetin ard\u0131ndan, Renault Megane&#8217;\u0131ma biniyor ve konvoy halinde \u0130\u011fneada&#8217;ya do\u011fru yola \u00e7\u0131k\u0131yoruz&#8230; Konvoyda Sel\u00e7uk Erdem, Erdil Ya\u015faro\u011flu ve Kaan Sezyum&#8217;da var&#8230;<\/span><\/p>\n<p><span style=\"color: #000000;\"><img loading=\"lazy\" decoding=\"async\" class=\"alignleft\" title=\"konvoy\" src=\"http:\/\/farm6.static.flickr.com\/5044\/5325131302_c8d373eb3a.jpg\" alt=\"\" width=\"103\" height=\"93\" \/>Sis yo\u011funlu\u011fu i\u00e7erisindeki yolculu\u011fumuza, Ta\u015fmekan&#8217;da yiyece\u011fimiz bol oksijenli yemek molas\u0131 ile ara veriyoruz. Yolculuk boyunca Megane&#8217;in s\u00fcr\u00fc\u015f konforu ve performans\u0131ndan memnun kald\u0131\u011f\u0131m\u0131 da s\u00f6yleyebilirim. Yemek sonras\u0131 hi\u00e7 h\u0131z kesmeden Dupnisa Ma\u011faras\u0131&#8217;n\u0131 gezdik. G\u00fczel bir deneyimdi. Minik yarasan\u0131n fotograf \u00e7ekimi sonras\u0131 yola devam&#8230;<\/span><\/p>\n<p><span style=\"color: #000000;\"><br \/>\n<\/span><\/p>\n<p><span style=\"color: #000000;\">\u0130\u011fneada Resort&#8217;a vard\u0131\u011f\u0131m\u0131zda itiraf etmeliyim ki, belki de beklemedi\u011fim kadar g\u00fczel bir deniz ile kar\u015f\u0131la\u015ft\u0131m. Kesinlikle yaz aylar\u0131nda haftasonlar\u0131 i\u00e7in s\u00fcper bir yer \u0130\u011fneada&#8230; Odama girdi\u011fimde Bay M&#8217;den mesaj vard\u0131. Renault Sport Tourer kullan\u0131c\u0131s\u0131 olarak, Sel\u00e7uk Erdem&#8217;in ekip liderli\u011findeki tak\u0131mdayd\u0131m. En g\u00fczle fanzin bizim olmal\u0131yd\u0131 \ud83d\ude42 Ak\u015fam yeme\u011fi \u00f6ncesi hamam, havuz ve jakuzi keyfi&#8230;<\/span><\/p>\n<p style=\"text-align: center;\"><span style=\"color: #000000;\"><a href=\"http:\/\/farm6.static.flickr.com\/5128\/5325130694_5e27b16b4c.jpg\"><img loading=\"lazy\" decoding=\"async\" class=\"aligncenter\" title=\"kaan erdil selcuk\" src=\"http:\/\/farm6.static.flickr.com\/5128\/5325130694_5e27b16b4c.jpg\" alt=\"\" width=\"271\" height=\"179\" \/><\/a><\/span><\/p>\n<p><span style=\"color: #000000;\">Ak\u015fam rak\u0131 bal\u0131k sofras\u0131, Bay M, Proximity ekibi ve Fatih Ta\u015fk\u0131ran her\u015feyi d\u00fc\u015f\u00fcnm\u00fc\u015f&#8230; Yeme\u011fe oturdu\u011fumuzda t\u00fcm bloggerlar\u0131n \u00f6n\u00fcnde ki\u015fiselle\u015ftirilmi\u015f amerikan servisleri ve herkese ayr\u0131 bir mesaj \ud83d\ude09 \u00e7ok keyifli. Sonras\u0131nda kumsalda bloggerlar ile biraz daha alkol ve e\u011flence&#8230;<\/span><\/p>\n<p style=\"text-align: center;\"><span style=\"color: #000000;\"><img loading=\"lazy\" decoding=\"async\" class=\"aligncenter\" title=\":)\" src=\"http:\/\/farm6.static.flickr.com\/5090\/5324521029_eb0e24373b.jpg\" alt=\"\" width=\"338\" height=\"238\" \/><br \/>\n<\/span><\/p>\n<p><span style=\"color: #000000;\"><strong>7 Kas\u0131m 2010 Pazar:<\/strong> G\u00fczel bir kahvalt\u0131&#8230; Daha sonra Fanzin&#8217;ler yap\u0131lacak. Deniz de g\u00f6z\u00fcme \u00e7ok g\u00fczel g\u00f6z\u00fck\u00fcyor&#8230; U\u011fur \u00d6zmen (U\u011fur abi) ba\u015flang\u0131c\u0131 yap\u0131yor. Sonu\u00e7 Kas\u0131m ay\u0131nda Karadeniz&#8217;in so\u011fuk sular\u0131 ve ben.. Ba\u015fka t\u00fcrl\u00fc kendime gelemeyecektim yoksa. T\u00fcm g\u00fcn boyunca fanzin \u00e7al\u0131\u015fmas\u0131 devam ederken \u00e7ok e\u011flendim. 3 ayr\u0131 ekipte birbirinden g\u00fczel, e\u011flenceli \u00e7al\u0131\u015fmalar yapt\u0131&#8230;<\/span><\/p>\n<p><span style=\"color: #000000;\">\u00c7ok g\u00fczel bir haftasonuydu&#8230; \u00c7ok g\u00fczel insanlar tan\u0131d\u0131m.. Cem Batu, Fatih Ta\u015fk\u0131ran, T\u00fcm Proximity \u00c7al\u0131\u015fanlar\u0131, Megy ve Renault T\u00fcrkiye.. Hepinize \u00e7ok te\u015fekk\u00fcr ederim. Gazeteye bir tam sayfa ilan vermektense, belki de ayn\u0131 b\u00fct\u00e7e ile bir\u00e7ok blogger&#8217;a keyifli bir haftasonu ya\u015fat\u0131p, sosyal medya i\u00e7erisinde etkili bir medya planlamas\u0131ndan daha \u00e7ok seslerini duyurdular. K\u0131sacas\u0131 ba\u015f\u0131ndan sonunda kadar gayet profesyonelce planlanm\u0131\u015f bir organizasyondu.<\/span><\/p>\n<p><span style=\"color: #000000;\">Meganeomani Fanzin \u00c7al\u0131\u015fmalar\u0131n\u0131n tamamlanm\u0131\u015f hallerine a\u015fa\u011f\u0131daki linklerden ula\u015fabilirsiniz.<\/span><\/p>\n<p><span style=\"color: #000000;\"><a title=\"Selcuk Erdem ve Ekibi\" href=\"http:\/\/www.renault.com.tr\/assets\/meganeomani\/Megane_Sport_Tourer_Selcuk_ve_Grubu.pdf\" target=\"_blank\">Sel\u00e7uk Erdem ve Ekibi<\/a> <a title=\"Erdil Yasaroglu ve Ekibi\" href=\"http:\/\/www.renault.com.tr\/assets\/meganeomani\/Megane_HB_Erdil_ve_Grubu.pdf\" target=\"_blank\">Erdil Ya\u015faro\u011flu ve Ekibi<\/a> <a title=\"Kaan Sezyum ve Ekibi\" href=\"http:\/\/www.renault.com.tr\/assets\/meganeomani\/Megane_Coupe_Kaan_ve_Grubu.pdf\" target=\"_blank\">Kaan Sezyum ve Ekibi<\/a><br \/>\n<\/span><\/p>\n<p><span style=\"color: #000000;\"><a href=\"http:\/\/www.renault.com.tr\/assets\/meganeomani\/Megane_Sport_Tourer_Selcuk_ve_Grubu.pdf\" target=\"_blank\"><\/a><\/span><\/p>\n<p><span style=\"color: #000000;\">(<strong>Ps: <\/strong>Asl\u0131nda bu yaz\u0131m\u0131 Kas\u0131m 2010&#8217;da yazmam gerekiyordu. Fakat Blog&#8217;umdaki teknik sorunlar \ud83d\ude42 y\u00fcz\u00fcnden bu tarihe ertelenmi\u015f oldu&#8230; Fakat Meganeomani hala devam ediyor ve bu cumartesi (8 Ocak 2011) &#8220;Megane i\u00e7in ne yapard\u0131n?&#8221; yar\u0131\u015fmas\u0131n\u0131n final ve \u00f6d\u00fcl t\u00f6reni var&#8230; Buradan detaylar\u0131 payla\u015f\u0131yor olaca\u011f\u0131m&#8230;)<a href=\"http:\/\/farm6.static.flickr.com\/5250\/5325129548_1c5753b941.jpg\"><img loading=\"lazy\" decoding=\"async\" class=\"aligncenter\" title=\"tolga cekim\" src=\"http:\/\/farm6.static.flickr.com\/5250\/5325129548_1c5753b941.jpg\" alt=\"\" width=\"319\" height=\"480\" \/><img loading=\"lazy\" decoding=\"async\" class=\"aligncenter\" title=\"dupnisa magarasi\" src=\"http:\/\/farm6.static.flickr.com\/5250\/5325128104_143aa5b766.jpg\" alt=\"\" width=\"500\" height=\"375\" \/><\/a><img loading=\"lazy\" decoding=\"async\" class=\"aligncenter\" title=\"Batman\" src=\"http:\/\/farm6.static.flickr.com\/5241\/5324521617_a8590df149.jpg\" alt=\"\" width=\"346\" height=\"470\" \/><img loading=\"lazy\" decoding=\"async\" class=\"aligncenter\" title=\"ugur abi ve ben\" src=\"http:\/\/farm6.static.flickr.com\/5084\/5325129184_d2e63eaa08.jpg\" alt=\"\" width=\"500\" height=\"375\" \/><img loading=\"lazy\" decoding=\"async\" class=\"aligncenter\" title=\"Fanzin masa\" src=\"http:\/\/farm6.static.flickr.com\/5161\/5324522785_7982b2bdfb.jpg\" alt=\"\" width=\"500\" height=\"375\" \/><img loading=\"lazy\" decoding=\"async\" class=\"aligncenter\" title=\"ekipler\" src=\"http:\/\/farm6.static.flickr.com\/5047\/5325127288_ffe55c4687.jpg\" alt=\"\" width=\"500\" height=\"365\" \/><\/span><\/p>\n<div id=\"_mcePaste\" style=\"position: absolute; left: -10000px; top: 191px; width: 1px; height: 1px; overflow: hidden;\"><span style=\"color: #000000;\">Proximity \u0130stanbul ve Lotus Medya<\/span><\/div>\n<link rel=\"publisher\" href=\"https:\/\/plus.google.com\/115418739925694469214\"\/>\n","protected":false},"excerpt":{"rendered":"<p>S\u0131radan bir \u00e7al\u0131\u015fma g\u00fcn\u00fc. Dan\u0131\u015fmadan ar\u0131yorlar ve &#8220;Megy&#8221; han\u0131m\u0131n geldi\u011fini s\u00f6yl\u00fcyorlar&#8230; S\u0131rlar i\u00e7erisinde \u00e7ok da a\u00e7\u0131klama yapmadan gelip giden bir Megy&#8230; Verdi\u011fi zarf\u0131n i\u00e7inden bir telefon \u00e7\u0131k\u0131yor&#8230; ve bir Meganeomani olarak telefondan aranmay\u0131 bekliyorum. Birka\u00e7 g\u00fcn i\u00e7inde ortaya \u00e7\u0131k\u0131yor ki \u00e7ok ak\u0131ll\u0131ca planlanm\u0131\u015f bir blogger etkinli\u011fi&#8230; Proximity \u0130stanbul ve Lotus Medya&#8217;n\u0131n planlad\u0131klar\u0131 keyifli bir haftasonu&#8230;<\/p>\n","protected":false},"author":1,"featured_media":211,"comment_status":"open","ping_status":"open","sticky":false,"template":"","format":"standard","meta":{"om_disable_all_campaigns":false,"_monsterinsights_skip_tracking":false,"_monsterinsights_sitenote_active":false,"_monsterinsights_sitenote_note":"","_monsterinsights_sitenote_category":0,"two_page_speed":[],"footnotes":""},"categories":[17,142,16],"tags":[21,19,22,18,638],"class_list":["post-62","post","type-post","status-publish","format-standard","has-post-thumbnail","hentry","category-gezi","category-otomobil","category-sosyal-medya-etkinlikleri","tag-megane","tag-meganeomani","tag-otomotiv","tag-renault","tag-sosyal-medya-etkinlikleri"],"aioseo_notices":[],"_links":{"self":[{"href":"https:\/\/www.tolgasismanoglu.com\/blog\/wp-json\/wp\/v2\/posts\/62","targetHints":{"allow":["GET"]}}],"collection":[{"href":"https:\/\/www.tolgasismanoglu.com\/blog\/wp-json\/wp\/v2\/posts"}],"about":[{"href":"https:\/\/www.tolgasismanoglu.com\/blog\/wp-json\/wp\/v2\/types\/post"}],"author":[{"embeddable":true,"href":"https:\/\/www.tolgasismanoglu.com\/blog\/wp-json\/wp\/v2\/users\/1"}],"replies":[{"embeddable":true,"href":"https:\/\/www.tolgasismanoglu.com\/blog\/wp-json\/wp\/v2\/comments?post=62"}],"version-history":[{"count":55,"href":"https:\/\/www.tolgasismanoglu.com\/blog\/wp-json\/wp\/v2\/posts\/62\/revisions"}],"predecessor-version":[{"id":2708,"href":"https:\/\/www.tolgasismanoglu.com\/blog\/wp-json\/wp\/v2\/posts\/62\/revisions\/2708"}],"wp:featuredmedia":[{"embeddable":true,"href":"https:\/\/www.tolgasismanoglu.com\/blog\/wp-json\/wp\/v2\/media\/211"}],"wp:attachment":[{"href":"https:\/\/www.tolgasismanoglu.com\/blog\/wp-json\/wp\/v2\/media?parent=62"}],"wp:term":[{"taxonomy":"category","embeddable":true,"href":"https:\/\/www.tolgasismanoglu.com\/blog\/wp-json\/wp\/v2\/categories?post=62"},{"taxonomy":"post_tag","embeddable":true,"href":"https:\/\/www.tolgasismanoglu.com\/blog\/wp-json\/wp\/v2\/tags?post=62"}],"curies":[{"name":"wp","href":"https:\/\/api.w.org\/{rel}","templated":true}]}}