{"id":620,"date":"2011-07-11T07:22:23","date_gmt":"2011-07-11T14:22:23","guid":{"rendered":"http:\/\/www.tolgasismanoglu.com\/blog\/?p=620"},"modified":"2013-11-13T13:18:27","modified_gmt":"2013-11-13T20:18:27","slug":"minitramvay","status":"publish","type":"post","link":"https:\/\/www.tolgasismanoglu.com\/blog\/minitramvay\/","title":{"rendered":"MINItramvay \u0130stiklal Caddesi&#8217;ndeydi&#8230;"},"content":{"rendered":"<p><img loading=\"lazy\" decoding=\"async\" class=\"alignleft\" title=\"MINItramvay\" src=\"http:\/\/farm7.static.flickr.com\/6029\/5925942791_ed6723c49e.jpg\" alt=\"\" width=\"283\" height=\"274\" \/>MINI&#8217;den ba\u015far\u0131l\u0131 bir Gerilla aktivitesi&#8230; MINItramvay&#8230; \u0130stiklal Caddesi&#8217;nde ger\u00e7ekle\u015fen ve MINI\u2019nin son modeli MINI Countryman\u2019in daha \u00e7ok ki\u015fi ald\u0131\u011f\u0131n\u0131 anlatmak i\u00e7in yap\u0131lan aktivitede \u201cMORE PEOPLE MORE MINI\u201d slogan\u0131 kullan\u0131ld\u0131. T\u00fcrkiye\u2019nin en eski toplu ta\u015f\u0131ma arac\u0131 olan nostaljik tramvay MINI\u2019ye d\u00f6n\u00fc\u015ft\u00fc.<!--more--><\/p>\n<p>\u0130stiklal tramvay\u0131n\u0131n renk ve dizayn\u0131na d\u00f6n\u00fc\u015ft\u00fcr\u00fclm\u00fc\u015f 4 adet MINI Countryman model otomobil, Taksim &#8211; T\u00fcnel aras\u0131nda 5 sefer d\u00fczenleyerek, yolcular\u0131na \u00fczretsiz olarak farkl\u0131 ve keyifli anlar ya\u015fatt\u0131. \u00a0Nostaljik tramvaya alternatif olarak Taksim &#8211; T\u00fcnel aras\u0131nda ba\u015far\u0131l\u0131 seferler ger\u00e7ekle\u015ftiren MINItramvay yo\u011fun ilgi g\u00f6rd\u00fc. Kap\u0131lar\u0131nda \u201c\u00dccretsiz MINI\u2019niz \u00c7ekinmeden Bininiz\u201d yazan Countryman\u2019ler ve MINI\u2019ye \u00f6zel tramvay dura\u011f\u0131nda s\u0131raya giren merakl\u0131 yolcular\u0131na hizmet etti.<\/p>\n<p>Etkinlik canl\u0131 olarak <a title=\"MINI T\u00fcrkiye\" href=\"http:\/\/www.facebook.com\/MINITurkey\" target=\"_blank\">Mini T\u00fcrkiye\u00a0Facebook <\/a>sayfas\u0131na y\u00fcklenen etkinlik fotograflar\u0131 ve MINI sayfas\u0131ndaki Twitter uygulamas\u0131 ile canl\u0131 olarak takip edildi.<\/p>\n<p style=\"text-align: center;\"><img loading=\"lazy\" decoding=\"async\" class=\"aligncenter\" title=\"MINItramvay\" src=\"http:\/\/farm7.static.flickr.com\/6023\/5925943117_634cea15ae.jpg\" alt=\"MINItramvay\" width=\"500\" height=\"386\" \/><\/p>\n<link rel=\"publisher\" href=\"https:\/\/plus.google.com\/115418739925694469214\"\/>\n","protected":false},"excerpt":{"rendered":"<p>MINI&#8217;den ba\u015far\u0131l\u0131 bir Gerilla aktivitesi&#8230; MINItramvay&#8230; \u0130stiklal Caddesi&#8217;nde ger\u00e7ekle\u015fen ve MINI\u2019nin son modeli MINI Countryman\u2019in daha \u00e7ok ki\u015fi ald\u0131\u011f\u0131n\u0131 anlatmak i\u00e7in yap\u0131lan aktivitede \u201cMORE PEOPLE MORE MINI\u201d slogan\u0131 kullan\u0131ld\u0131. T\u00fcrkiye\u2019nin en eski toplu ta\u015f\u0131ma arac\u0131 olan nostaljik tramvay MINI\u2019ye d\u00f6n\u00fc\u015ft\u00fc.<\/p>\n","protected":false},"author":1,"featured_media":626,"comment_status":"open","ping_status":"open","sticky":false,"template":"","format":"standard","meta":{"om_disable_all_campaigns":false,"_monsterinsights_skip_tracking":false,"_monsterinsights_sitenote_active":false,"_monsterinsights_sitenote_note":"","_monsterinsights_sitenote_category":0,"two_page_speed":[],"footnotes":""},"categories":[142,16],"tags":[147,143,146,144,145],"class_list":["post-620","post","type-post","status-publish","format-standard","has-post-thumbnail","hentry","category-otomobil","category-sosyal-medya-etkinlikleri","tag-gerilla","tag-mini","tag-mini-cooper","tag-minitramvay","tag-more-people-more-mini"],"aioseo_notices":[],"_links":{"self":[{"href":"https:\/\/www.tolgasismanoglu.com\/blog\/wp-json\/wp\/v2\/posts\/620","targetHints":{"allow":["GET"]}}],"collection":[{"href":"https:\/\/www.tolgasismanoglu.com\/blog\/wp-json\/wp\/v2\/posts"}],"about":[{"href":"https:\/\/www.tolgasismanoglu.com\/blog\/wp-json\/wp\/v2\/types\/post"}],"author":[{"embeddable":true,"href":"https:\/\/www.tolgasismanoglu.com\/blog\/wp-json\/wp\/v2\/users\/1"}],"replies":[{"embeddable":true,"href":"https:\/\/www.tolgasismanoglu.com\/blog\/wp-json\/wp\/v2\/comments?post=620"}],"version-history":[{"count":11,"href":"https:\/\/www.tolgasismanoglu.com\/blog\/wp-json\/wp\/v2\/posts\/620\/revisions"}],"predecessor-version":[{"id":2672,"href":"https:\/\/www.tolgasismanoglu.com\/blog\/wp-json\/wp\/v2\/posts\/620\/revisions\/2672"}],"wp:featuredmedia":[{"embeddable":true,"href":"https:\/\/www.tolgasismanoglu.com\/blog\/wp-json\/wp\/v2\/media\/626"}],"wp:attachment":[{"href":"https:\/\/www.tolgasismanoglu.com\/blog\/wp-json\/wp\/v2\/media?parent=620"}],"wp:term":[{"taxonomy":"category","embeddable":true,"href":"https:\/\/www.tolgasismanoglu.com\/blog\/wp-json\/wp\/v2\/categories?post=620"},{"taxonomy":"post_tag","embeddable":true,"href":"https:\/\/www.tolgasismanoglu.com\/blog\/wp-json\/wp\/v2\/tags?post=620"}],"curies":[{"name":"wp","href":"https:\/\/api.w.org\/{rel}","templated":true}]}}