{"id":704,"date":"2011-10-03T08:14:09","date_gmt":"2011-10-03T15:14:09","guid":{"rendered":"http:\/\/www.tolgasismanoglu.com\/blog\/?p=704"},"modified":"2013-11-11T05:24:52","modified_gmt":"2013-11-11T12:24:52","slug":"yeni-medya-duzeni-2-konferans-2011","status":"publish","type":"post","link":"https:\/\/www.tolgasismanoglu.com\/blog\/yeni-medya-duzeni-2-konferans-2011\/","title":{"rendered":"Yeni Medya D\u00fczeni 2 \/ Konferans 2011"},"content":{"rendered":"<p><img loading=\"lazy\" decoding=\"async\" class=\"alignleft\" title=\"Yeni Medya D\u00fczeni 2011\" src=\"http:\/\/farm7.static.flickr.com\/6170\/6207436913_b391ca005e.jpg\" alt=\"\" width=\"312\" height=\"309\" \/>Do\u011fu\u015f Yay\u0131n Grubu taraf\u0131ndan bu y\u0131l ikincisi d\u00fczenlenecek olan &#8220;Yeni Medya D\u00fczeni Konferans\u0131 2011&#8221; 5 Ekim 2011 tarihinde \u0130stanbul L\u00fctfi K\u0131rdar Uluslararas\u0131 Kongre ve Sergi Saray\u0131&#8217;nda ger\u00e7ekle\u015fecek. Konferansta ge\u00e7en y\u0131l tabletler ve mobil d\u00fcnyan\u0131n\u00a0h\u0131zla y\u00fck\u015feli\u015fi ve etkileri konu\u015fulmu\u015ftu. Bu y\u0131l ise internet mecras\u0131yla bilginin demokratikle\u015fme s\u00fcreci konu\u015fulacak. Konferans\u0131n ana konu\u015fmac\u0131lar\u0131 Jimmy Wales ve 2010-2011 y\u0131llar\u0131nda isminden s\u0131k\u00e7a s\u00f6zettiren ve g\u00fcndeme damgas\u0131n\u0131 vuran Julian Assange&#8230;<!--more--><\/p>\n<p><strong>Oyunda Kal!<\/strong><\/p>\n<p>Yeni Medya D\u00fczeni konferans\u0131ndaki konu ba\u015fl\u0131klar ise; Bilginin demokratikle\u015fmesi, E-Ticaret, Sosyal Medyan\u0131n ve kullan\u0131c\u0131 taraf\u0131ndan olu\u015fturulan i\u00e7eri\u011fin g\u00fcc\u00fc ve son y\u0131llarda h\u0131zla y\u00fck\u015feli\u015fe ge\u00e7en online oyunlar&#8230; Konferansa kat\u0131l\u0131m ger\u00e7ekle\u015ftirmesi beklenen yelpaze ise; Pazarlama profesyonelleri ve ekipler, ajans y\u00f6neticileri ve ekipleri, medya, gen\u00e7 giri\u015fimciler, akademisyenler, teknoloji ve dijital d\u00fcnya ile ilgili ki\u015filer, oyuncular, yay\u0131nc\u0131lar ve da\u011f\u0131t\u0131c\u0131lar&#8230;<\/p>\n<p>Bilet fiyatlar\u0131 ise; K\u0131rm\u0131z\u0131 B\u00f6l\u00fcm 850 TL, Mavi b\u00f6l\u00fcm 650 ve \u00d6\u011frenci 100 TL.<\/p>\n<p>Detayl\u0131 bilgiye<strong><a title=\"Yeni Medya D\u00fczeni 2011\" href=\"http:\/\/konferans.yenimedyaduzeni.com\/\" target=\"_blank\"> buradan<\/a><\/strong> ula\u015fabilirsiniz.<\/p>\n<p><img loading=\"lazy\" decoding=\"async\" class=\"aligncenter\" title=\"Yeni Medya D\u00fczeni 2011\" src=\"http:\/\/farm7.static.flickr.com\/6166\/6207950272_8e016f0a8a.jpg\" alt=\"\" width=\"500\" height=\"359\" \/><\/p>\n<p>&nbsp;<\/p>\n<link rel=\"publisher\" href=\"https:\/\/plus.google.com\/115418739925694469214\"\/>\n","protected":false},"excerpt":{"rendered":"<p>Do\u011fu\u015f Yay\u0131n Grubu taraf\u0131ndan bu y\u0131l ikincisi d\u00fczenlenecek olan &#8220;Yeni Medya D\u00fczeni Konferans\u0131 2011&#8221; 5 Ekim 2011 tarihinde \u0130stanbul L\u00fctfi K\u0131rdar Uluslararas\u0131 Kongre ve Sergi Saray\u0131&#8217;nda ger\u00e7ekle\u015fecek. Konferansta ge\u00e7en y\u0131l tabletler ve mobil d\u00fcnyan\u0131n\u00a0h\u0131zla y\u00fck\u015feli\u015fi ve etkileri konu\u015fulmu\u015ftu. Bu y\u0131l ise internet mecras\u0131yla bilginin demokratikle\u015fme s\u00fcreci konu\u015fulacak. Konferans\u0131n ana konu\u015fmac\u0131lar\u0131 Jimmy Wales ve 2010-2011 y\u0131llar\u0131nda [&hellip;]<\/p>\n","protected":false},"author":1,"featured_media":706,"comment_status":"open","ping_status":"open","sticky":false,"template":"","format":"standard","meta":{"om_disable_all_campaigns":false,"_monsterinsights_skip_tracking":false,"_monsterinsights_sitenote_active":false,"_monsterinsights_sitenote_note":"","_monsterinsights_sitenote_category":0,"two_page_speed":[],"footnotes":""},"categories":[54],"tags":[172,174,173,171,170,169],"class_list":["post-704","post","type-post","status-publish","format-standard","has-post-thumbnail","hentry","category-egitim-seminer","tag-dogus-yayin-grubu","tag-jimmy-wales","tag-julian-assange","tag-konferans-2011","tag-yeni-medya","tag-yeni-medya-duzeni-konferans-2011"],"aioseo_notices":[],"_links":{"self":[{"href":"https:\/\/www.tolgasismanoglu.com\/blog\/wp-json\/wp\/v2\/posts\/704","targetHints":{"allow":["GET"]}}],"collection":[{"href":"https:\/\/www.tolgasismanoglu.com\/blog\/wp-json\/wp\/v2\/posts"}],"about":[{"href":"https:\/\/www.tolgasismanoglu.com\/blog\/wp-json\/wp\/v2\/types\/post"}],"author":[{"embeddable":true,"href":"https:\/\/www.tolgasismanoglu.com\/blog\/wp-json\/wp\/v2\/users\/1"}],"replies":[{"embeddable":true,"href":"https:\/\/www.tolgasismanoglu.com\/blog\/wp-json\/wp\/v2\/comments?post=704"}],"version-history":[{"count":15,"href":"https:\/\/www.tolgasismanoglu.com\/blog\/wp-json\/wp\/v2\/posts\/704\/revisions"}],"predecessor-version":[{"id":2665,"href":"https:\/\/www.tolgasismanoglu.com\/blog\/wp-json\/wp\/v2\/posts\/704\/revisions\/2665"}],"wp:featuredmedia":[{"embeddable":true,"href":"https:\/\/www.tolgasismanoglu.com\/blog\/wp-json\/wp\/v2\/media\/706"}],"wp:attachment":[{"href":"https:\/\/www.tolgasismanoglu.com\/blog\/wp-json\/wp\/v2\/media?parent=704"}],"wp:term":[{"taxonomy":"category","embeddable":true,"href":"https:\/\/www.tolgasismanoglu.com\/blog\/wp-json\/wp\/v2\/categories?post=704"},{"taxonomy":"post_tag","embeddable":true,"href":"https:\/\/www.tolgasismanoglu.com\/blog\/wp-json\/wp\/v2\/tags?post=704"}],"curies":[{"name":"wp","href":"https:\/\/api.w.org\/{rel}","templated":true}]}}