{"id":982,"date":"2012-03-07T14:53:20","date_gmt":"2012-03-07T21:53:20","guid":{"rendered":"http:\/\/www.tolgasismanoglu.com\/blog\/?p=982"},"modified":"2013-11-11T05:23:45","modified_gmt":"2013-11-11T12:23:45","slug":"yeni-ipad","status":"publish","type":"post","link":"https:\/\/www.tolgasismanoglu.com\/blog\/yeni-ipad\/","title":{"rendered":"Yeni iPad&#8230; 4G ve Retina Display ile geldi"},"content":{"rendered":"<p><img loading=\"lazy\" decoding=\"async\" class=\"alignleft\" title=\"The New iPad - Yeni iPad\" src=\"http:\/\/farm8.staticflickr.com\/7069\/6962705287_b1652e3c77.jpg\" alt=\"\" width=\"301\" height=\"424\" \/>Apple&#8217;\u0131n merakla beklenen yeni nesil tablet bilgisayar\u0131 &#8220;Yeni iPad&#8221; tan\u0131t\u0131ld\u0131. Bir s\u00fcredir\u00a0 internette, cihaz\u0131n ad\u0131n\u0131n iPad3 m\u00fc? yoksa iPad HD mi? olaca\u011f\u0131 tart\u0131\u015f\u0131l\u0131yordu. Bu ak\u015fam sahneye \u00e7\u0131kan Apple CEO&#8217;su Tim Cook beklenen t\u00fcm cevaplar\u0131 verdi. &#8220;The New iPad&#8221; Yeni iPad olarak isimlendirilen cihaz, hayranlar\u0131n\u0131 USB giri\u015f haricinde bir\u00e7ok detayda tatmin edecek gibi g\u00f6r\u00fcn\u00fcyor. Yeni iPad, Sanal Asistan Siri, 4G Ba\u011flant\u0131 (LTE ve HSDPA deste\u011fi) ve Retina Display \u00f6zellikleriyle \u00f6ne \u00e7\u0131k\u0131yor. Tim Cook, 2011&#8217;in son d\u00f6neminde 15.4 milyon iPad sat\u0131ld\u0131\u011f\u0131n\u0131 ve iPad i\u00e7in 200.000&#8217;den fazla uygulama oldu\u011funu, son \u00e7eyrekte gelirlerinin %76&#8217;s\u0131n\u0131n mobil cihazlardan geldi\u011fini de payla\u015ft\u0131. <!--more-->Sunumda ayr\u0131ca,\u00a01080P \u00e7\u00f6z\u00fcn\u00fcrl\u00fck destekleyecek olan yeni Apple TV duyuruldu ve bu ak\u015famki lansman ile resmi olarak iOS 5.1&#8217;de duyurulmu\u015f oldu.<\/p>\n<p>Tasar\u0131m olarak iPad2&#8217;ye \u00e7ok benzeyen yeni iPad, 16 Mart itibariyle 499$&#8217;dan ba\u015flayan fiyatlarla ABD, Kanada, Almanya, \u0130svi\u00e7re, \u0130ngiltere, Japonya ve Fransa&#8217;da sat\u0131\u015fa \u00e7\u0131kacak. \u00d6n sipari\u015f al\u0131nmaya ba\u015fland\u0131. Yeni iPad, siyah ve beyaz renk se\u00e7enekleri ve 16, 32 ve 64GB olarak sat\u0131\u015fta olacak.<\/p>\n<p><img loading=\"lazy\" decoding=\"async\" class=\"aligncenter\" title=\"Yeni iPad\" src=\"http:\/\/farm8.staticflickr.com\/7060\/6962672821_4389abf9ba.jpg\" alt=\"\" width=\"500\" height=\"276\" \/><\/p>\n<p><strong>&#8220;Yeni iPad&#8221; ve \u00d6zellikleri<br \/>\n<\/strong>&#8211; Apple A5X \u00e7ipli \u00e7ift \u00e7ekirdekli i\u015flemci<br \/>\n&#8211; Retina Display teknolojisi (3.1 milyon px g\u00f6sterme) <a title=\"Retina Display Teknolojisi\" href=\"http:\/\/www.apple.com\/ipodtouch\/features\/retina-display.html\" target=\"_blank\">(Retina Display Nedir?)<\/a><br \/>\n&#8211; 1080P video kay\u0131t \u00f6zelli\u011fi<br \/>\n&#8211; 2048 x 1536 px ekran \u00e7\u00f6z\u00fcn\u00fcrl\u00fc\u011f\u00fc<br \/>\n&#8211; 5 MP iSight kamera (Arka y\u00fcz &#8211; 5 katmanl\u0131 \u00f6zel lens teknolojisi \/ Y\u00fcz alg\u0131lama \u00f6zelli\u011fi, otomatik odaklanma kilidi)<strong><br \/>\n<\/strong>&#8211; 4G LTE ve HSDPA deste\u011fi (4G \u00fczerinde 72 mbps ba\u011flant\u0131 h\u0131z\u0131)<br \/>\n&#8211; 10 saat pil \u00f6mr\u00fc (4G ile 9 saat pil \u00f6mr\u00fc)<br \/>\n&#8211; Ki\u015fisel &#8220;Hotspot&#8221; \u00f6zelli\u011fi<br \/>\n&#8211; 635 gram, 9.4 mm kal\u0131nl\u0131k<br \/>\n&#8211; Hibrit IR filtresi<\/p>\n<p><a title=\"The New iPad\" href=\"http:\/\/www.apple.com\/ipad\/\" target=\"_blank\">Yeni iPad, t\u00fcm detaylar i\u00e7in t\u0131klay\u0131n\u0131z! (apple.com)<\/a><\/p>\n<p>&#8220;<strong>iOS 5.1&#8243; G\u00fcncellemesi ile gelenler<\/strong><br \/>\n<span><span><br \/>\n&#8211; Foto\u011fraflar\u0131n Foto\u011fraf Yay\u0131n\u0131&#8217;ndan silinebilmesi<\/span><span><br \/>\n&#8211; Kamera kestirmesinin iPhone 4S, iPhone 4, iPhone 3GS ve iPod touch (4. Nesil) kilitli ekranlar\u0131nda her zaman g\u00f6r\u00fcnmesi<\/span><span><br \/>\n&#8211; Kameran\u0131n y\u00fcz alg\u0131lamas\u0131n\u0131n, alg\u0131lanan y\u00fczlerin t\u00fcm\u00fcn\u00fc vurgulamas\u0131<\/span><span><br \/>\n&#8211; iPad i\u00e7in yeniden tasarlanm\u0131\u015f Kamera uygulamas\u0131<\/span><span><br \/>\n&#8211; iTunes Match aboneleri i\u00e7in Genius Karmalar\u0131 ve Genius listeleri<\/span><span><br \/>\n&#8211; iPad\u2019de TV \u015fovlar\u0131n\u0131n ve filmlerin sesi, daha y\u00fcksek ve daha net olacak \u015fekilde en iyi duruma getirilmesi<\/span><span><br \/>\n&#8211; iPad\u2019de \u00e7alma\/oynatma h\u0131z\u0131 ve 30 saniye geriye sarma i\u00e7in Podcast denetimleri<\/span><span><br \/>\n&#8211; Pil \u00f6mr\u00fcn\u00fc etkileyen hatalar\u0131n giderilmesi<\/span><span><br \/>\n&#8211; Yap\u0131lan aramalarda sesin ara s\u0131ra kesilmesine neden olan bir sorunun d\u00fczeltilmesi<\/span><\/span><\/p>\n<p><span>Bu g\u00fcncellemenin g\u00fcvenlik i\u00e7eri\u011fiyle ilgili detayl\u0131 bilgi i\u00e7in, <a title=\"Apple Destek\" href=\"http:\/\/support.apple.com\/kb\/HT1222\" target=\"_blank\">bu web sitesini<\/a> ziyaret edebilirsiniz.<\/span><\/p>\n<p><img loading=\"lazy\" decoding=\"async\" class=\"aligncenter\" title=\"Yeni iPad Fiyatlar\u0131\" src=\"http:\/\/farm8.staticflickr.com\/7062\/6816554108_5ddf0721e3.jpg\" alt=\"\" width=\"500\" height=\"351\" \/><\/p>\n<link rel=\"publisher\" href=\"https:\/\/plus.google.com\/115418739925694469214\"\/>\n","protected":false},"excerpt":{"rendered":"<p>Apple&#8217;\u0131n merakla beklenen yeni nesil tablet bilgisayar\u0131 &#8220;Yeni iPad&#8221; tan\u0131t\u0131ld\u0131. Bir s\u00fcredir\u00a0 internette, cihaz\u0131n ad\u0131n\u0131n iPad3 m\u00fc? yoksa iPad HD mi? olaca\u011f\u0131 tart\u0131\u015f\u0131l\u0131yordu. Bu ak\u015fam sahneye \u00e7\u0131kan Apple CEO&#8217;su Tim Cook beklenen t\u00fcm cevaplar\u0131 verdi. &#8220;The New iPad&#8221; Yeni iPad olarak isimlendirilen cihaz, hayranlar\u0131n\u0131 USB giri\u015f haricinde bir\u00e7ok detayda tatmin edecek gibi g\u00f6r\u00fcn\u00fcyor. Yeni iPad, [&hellip;]<\/p>\n","protected":false},"author":1,"featured_media":1002,"comment_status":"open","ping_status":"open","sticky":false,"template":"","format":"standard","meta":{"om_disable_all_campaigns":false,"_monsterinsights_skip_tracking":false,"_monsterinsights_sitenote_active":false,"_monsterinsights_sitenote_note":"","_monsterinsights_sitenote_category":0,"two_page_speed":[],"footnotes":""},"categories":[28,160],"tags":[234,231,233,177,230,232,229],"class_list":["post-982","post","type-post","status-publish","format-standard","has-post-thumbnail","hentry","category-apple-mac","category-iphone-uygulama","tag-ios-5-1","tag-new-ipad","tag-retina-display","tag-siri","tag-the-new-ipad","tag-tim-cook","tag-yeni-ipad"],"aioseo_notices":[],"_links":{"self":[{"href":"https:\/\/www.tolgasismanoglu.com\/blog\/wp-json\/wp\/v2\/posts\/982","targetHints":{"allow":["GET"]}}],"collection":[{"href":"https:\/\/www.tolgasismanoglu.com\/blog\/wp-json\/wp\/v2\/posts"}],"about":[{"href":"https:\/\/www.tolgasismanoglu.com\/blog\/wp-json\/wp\/v2\/types\/post"}],"author":[{"embeddable":true,"href":"https:\/\/www.tolgasismanoglu.com\/blog\/wp-json\/wp\/v2\/users\/1"}],"replies":[{"embeddable":true,"href":"https:\/\/www.tolgasismanoglu.com\/blog\/wp-json\/wp\/v2\/comments?post=982"}],"version-history":[{"count":29,"href":"https:\/\/www.tolgasismanoglu.com\/blog\/wp-json\/wp\/v2\/posts\/982\/revisions"}],"predecessor-version":[{"id":2647,"href":"https:\/\/www.tolgasismanoglu.com\/blog\/wp-json\/wp\/v2\/posts\/982\/revisions\/2647"}],"wp:featuredmedia":[{"embeddable":true,"href":"https:\/\/www.tolgasismanoglu.com\/blog\/wp-json\/wp\/v2\/media\/1002"}],"wp:attachment":[{"href":"https:\/\/www.tolgasismanoglu.com\/blog\/wp-json\/wp\/v2\/media?parent=982"}],"wp:term":[{"taxonomy":"category","embeddable":true,"href":"https:\/\/www.tolgasismanoglu.com\/blog\/wp-json\/wp\/v2\/categories?post=982"},{"taxonomy":"post_tag","embeddable":true,"href":"https:\/\/www.tolgasismanoglu.com\/blog\/wp-json\/wp\/v2\/tags?post=982"}],"curies":[{"name":"wp","href":"https:\/\/api.w.org\/{rel}","templated":true}]}}